{"id":1939,"date":"2014-10-06T09:08:54","date_gmt":"2014-10-06T07:08:54","guid":{"rendered":"http:\/\/www.reiterverein-dettingen.de\/?p=1939"},"modified":"2014-10-06T09:11:07","modified_gmt":"2014-10-06T07:11:07","slug":"mareike-klusik-ist-landesmeisterin-im-vierkampf","status":"publish","type":"post","link":"https:\/\/www.reiterverein-dettingen.de\/?p=1939","title":{"rendered":"Mareike Klusik ist Landesmeisterin im Vierkampf!"},"content":{"rendered":"<p><a href=\"http:\/\/www.reiterverein-dettingen.de\/wp-content\/uploads\/2014\/10\/Mareike-Vierkampf.jpeg\"><img loading=\"lazy\" decoding=\"async\" class=\"alignleft size-medium wp-image-1940\" src=\"http:\/\/www.reiterverein-dettingen.de\/wp-content\/uploads\/2014\/10\/Mareike-Vierkampf-109x300.jpeg\" alt=\"Mareike Vierkampf\" width=\"109\" height=\"300\" srcset=\"https:\/\/www.reiterverein-dettingen.de\/wp-content\/uploads\/2014\/10\/Mareike-Vierkampf-109x300.jpeg 109w, https:\/\/www.reiterverein-dettingen.de\/wp-content\/uploads\/2014\/10\/Mareike-Vierkampf-372x1024.jpeg 372w, https:\/\/www.reiterverein-dettingen.de\/wp-content\/uploads\/2014\/10\/Mareike-Vierkampf.jpeg 1209w\" sizes=\"auto, (max-width: 109px) 100vw, 109px\" \/><\/a>Am letzten Ferienwochenende wurden in Pfalzgrafenweiler die Baden-W\u00fcrttembergischen Meisterschaften im Vierkampf ausgetragen!\u00a0Diesen Pflichttermin f\u00fcr die Kaderreiter hatte auch Mareike Klusik vom RVD wahrgenommen.<\/p>\n<p>Die 50m Freistil schwamm sie in guten 40,4 Sekunden.\u00a0Nicht zufrieden war Mareike mit ihren 15,31 Minuten \u00fcber die sehr anspruchsvolle 3000m-Cross-Strecke.\u00a0Nach dem ersten Tag lag sie mit 1613 Punkten \u201enur\u201c auf dem dritten\u00a0 Rang!<\/p>\n<p>Mit einer Wertnote von 7,3 erhielt Mareike am zweiten Tag die beste Note in der A**-Dressur (2190 Punkte)<\/p>\n<p>und konnte sich mit diesem Ergebnis an die Spitze setzen.<\/p>\n<p>Sichtlich angespannt, war Mareike in der abschlie\u00dfenden Stil-Springpr\u00fcfung\u00a0 der Kl. A** (H\u00f6he 1,05m) als erste dran!\u00a0Souver\u00e4n meisterte sie den Parcour und erhielt f\u00fcr ihren fehlerfreien Ritt die Wertnote 7,2 (1440Punkte).<\/p>\n<p>Insgesamt hatte sie sich somit 5243 Punkte erk\u00e4mpft und den Titel der Landesmeisterin im Vierkampf gesichert!<\/p>\n<p>Bei der Siegerehrung erhielt Mareike von den Verbandsvertretern auch die schwarz-goldene Sch\u00e4rpe des Landes Baden-W\u00fcrttemberg \u00fcberreicht,\u00a0die sie mit gro\u00dfem Stolz entgegen nahm!<\/p>\n","protected":false},"excerpt":{"rendered":"<p>Am letzten Ferienwochenende wurden in Pfalzgrafenweiler die Baden-W\u00fcrttembergischen Meisterschaften im Vierkampf ausgetragen!\u00a0Diesen Pflichttermin f\u00fcr die Kaderreiter hatte auch Mareike Klusik vom RVD wahrgenommen. Die 50m Freistil schwamm sie in guten 40,4 Sekunden.\u00a0Nicht zufrieden war Mareike mit ihren 15,31 Minuten \u00fcber die sehr anspruchsvolle 3000m-Cross-Strecke.\u00a0Nach dem ersten Tag lag sie mit 1613 Punkten \u201enur\u201c auf dem dritten\u00a0 Rang! Mit einer Wertnote von 7,3 erhielt Mareike am zweiten Tag die beste Note in der A**-Dressur (2190 Punkte) und konnte sich mit diesem Ergebnis an die Spitze setzen. Sichtlich angespannt, war Mareike in der abschlie\u00dfenden Stil-Springpr\u00fcfung\u00a0 der Kl. A** (H\u00f6he 1,05m) als erste dran!\u00a0Souver\u00e4n meisterte sie den Parcour und erhielt f\u00fcr ihren fehlerfreien Ritt die Wertnote 7,2 (1440Punkte). Insgesamt hatte sie sich somit 5243 Punkte erk\u00e4mpft und den Titel der Landesmeisterin im Vierkampf gesichert! Bei der Siegerehrung erhielt Mareike von den Verbandsvertretern auch die schwarz-goldene Sch\u00e4rpe des Landes Baden-W\u00fcrttemberg \u00fcberreicht,\u00a0die sie mit gro\u00dfem Stolz entgegen nahm!<\/p>\n","protected":false},"author":4,"featured_media":0,"comment_status":"open","ping_status":"open","sticky":false,"template":"","format":"standard","meta":{"footnotes":""},"categories":[8,12,3,18],"tags":[],"class_list":["post-1939","post","type-post","status-publish","format-standard","hentry","category-c1-aktuelle-nachrichten","category-c31-allgemein","category-s1-news","category-c35-turniersport"],"_links":{"self":[{"href":"https:\/\/www.reiterverein-dettingen.de\/index.php?rest_route=\/wp\/v2\/posts\/1939","targetHints":{"allow":["GET"]}}],"collection":[{"href":"https:\/\/www.reiterverein-dettingen.de\/index.php?rest_route=\/wp\/v2\/posts"}],"about":[{"href":"https:\/\/www.reiterverein-dettingen.de\/index.php?rest_route=\/wp\/v2\/types\/post"}],"author":[{"embeddable":true,"href":"https:\/\/www.reiterverein-dettingen.de\/index.php?rest_route=\/wp\/v2\/users\/4"}],"replies":[{"embeddable":true,"href":"https:\/\/www.reiterverein-dettingen.de\/index.php?rest_route=%2Fwp%2Fv2%2Fcomments&post=1939"}],"version-history":[{"count":3,"href":"https:\/\/www.reiterverein-dettingen.de\/index.php?rest_route=\/wp\/v2\/posts\/1939\/revisions"}],"predecessor-version":[{"id":1943,"href":"https:\/\/www.reiterverein-dettingen.de\/index.php?rest_route=\/wp\/v2\/posts\/1939\/revisions\/1943"}],"wp:attachment":[{"href":"https:\/\/www.reiterverein-dettingen.de\/index.php?rest_route=%2Fwp%2Fv2%2Fmedia&parent=1939"}],"wp:term":[{"taxonomy":"category","embeddable":true,"href":"https:\/\/www.reiterverein-dettingen.de\/index.php?rest_route=%2Fwp%2Fv2%2Fcategories&post=1939"},{"taxonomy":"post_tag","embeddable":true,"href":"https:\/\/www.reiterverein-dettingen.de\/index.php?rest_route=%2Fwp%2Fv2%2Ftags&post=1939"}],"curies":[{"name":"wp","href":"https:\/\/api.w.org\/{rel}","templated":true}]}}