{"id":1984,"date":"2014-11-07T11:44:22","date_gmt":"2014-11-07T10:44:22","guid":{"rendered":"http:\/\/www.reiterverein-dettingen.de\/?p=1984"},"modified":"2014-11-14T10:57:36","modified_gmt":"2014-11-14T09:57:36","slug":"vereinsmeisterschaften-am-29-30-11-2014","status":"publish","type":"post","link":"https:\/\/www.reiterverein-dettingen.de\/?p=1984","title":{"rendered":"Vereinsmeisterschaften am 29.\/30.11.2014"},"content":{"rendered":"<h6><span style=\"color: #000000;\"><a href=\"http:\/\/www.reiterverein-dettingen.de\/wp-content\/uploads\/2013\/09\/Schild.png\"><img loading=\"lazy\" decoding=\"async\" class=\"alignleft size-full wp-image-1417\" src=\"http:\/\/www.reiterverein-dettingen.de\/wp-content\/uploads\/2013\/09\/Schild.png\" alt=\"Schild\" width=\"150\" height=\"150\" \/><\/a><\/span>Liebe RVDler<\/h6>\n<p style=\"color: #000000;\">Wie bereits bekannt werden Ende November unsere Vereinsmeisterschaften stattfinden.\u00a0<span style=\"color: #ff0000;\">Die Ausschreibung und das Bewertungssystem findet ihr hier zum Download sowie ausgeh\u00e4ngt in der Reithalle. Anmelden kann man sich noch bis zum\u00a0<strong>19.11.2014<\/strong>\u00a0\u00fcber die Liste in der Reithalle.<\/span><\/p>\n<p style=\"color: #000000;\"><span style=\"color: #000000;\">Pr\u00fcfungstechnisch ist f\u00fcr alle etwas dabei, daher w\u00fcrden wir uns sehr freuen, wenn alle an einer Pr\u00fcfung (oder gerne auch mehr :)) starten. Die Pr\u00fcfungen sollten nicht so ernst gesehen werden, der Spa\u00df soll an diesem Tag im Vordergrund stehen.\u00a0Bei Fragen wendet euch bitte an unseren Sportwart Katrin.<\/span><\/p>\n<p style=\"color: #000000;\">Wer sich als Helfer einbringen m\u00f6chte meldet sich f\u00fcr den sportlichen Bereich ebenfalls bei Katrin, f\u00fcr die Bewirtung bei unserem St\u00fcbleswart Sandra. Infos werdet ihr auch zeitnah hier auf unserer Homepage\u00a0finden. Ebenso wird an diesem Wochenende die Nikolausfeier stattfinden. Auch hierzu werden noch n\u00e4here Einzelheiten bekannt gegeben. Wir freuen uns schon jetzt auf ein sch\u00f6nes, gelungenes Vereinsfest und viel Spa\u00df!<\/p>\n<p style=\"color: #000000;\">[wpdm_file id=36 desc=&#8220;true&#8220; template=&#8220;bluebox drop-shadow lifted&#8220; ]<\/p>\n","protected":false},"excerpt":{"rendered":"<p>Liebe RVDler Wie bereits bekannt werden Ende November unsere Vereinsmeisterschaften stattfinden.\u00a0Die Ausschreibung und das Bewertungssystem findet ihr hier zum Download sowie ausgeh\u00e4ngt in der Reithalle. Anmelden kann man sich noch bis zum\u00a019.11.2014\u00a0\u00fcber die Liste in der Reithalle. Pr\u00fcfungstechnisch ist f\u00fcr alle etwas dabei, daher w\u00fcrden wir uns sehr freuen, wenn alle an einer Pr\u00fcfung (oder gerne auch mehr :)) starten. Die Pr\u00fcfungen sollten nicht so ernst gesehen werden, der Spa\u00df soll an diesem Tag im Vordergrund stehen.\u00a0Bei Fragen wendet euch bitte an unseren Sportwart Katrin. Wer sich als Helfer einbringen m\u00f6chte meldet sich f\u00fcr den sportlichen Bereich ebenfalls bei Katrin, f\u00fcr die Bewirtung bei unserem St\u00fcbleswart Sandra. Infos werdet ihr auch zeitnah hier auf unserer Homepage\u00a0finden. Ebenso wird an diesem Wochenende die Nikolausfeier stattfinden. Auch hierzu werden noch n\u00e4here Einzelheiten bekannt gegeben. Wir freuen uns schon jetzt auf ein sch\u00f6nes, gelungenes Vereinsfest und viel Spa\u00df! [wpdm_file id=36 desc=&#8220;true&#8220; template=&#8220;bluebox drop-shadow lifted&#8220; ]<\/p>\n","protected":false},"author":4,"featured_media":0,"comment_status":"open","ping_status":"open","sticky":false,"template":"","format":"standard","meta":{"footnotes":""},"categories":[8,12,3,17,34,19],"tags":[],"class_list":["post-1984","post","type-post","status-publish","format-standard","hentry","category-c1-aktuelle-nachrichten","category-c31-allgemein","category-s1-news","category-c34-reitbetrieb","category-reiterstuble","category-c36-termine"],"_links":{"self":[{"href":"https:\/\/www.reiterverein-dettingen.de\/index.php?rest_route=\/wp\/v2\/posts\/1984","targetHints":{"allow":["GET"]}}],"collection":[{"href":"https:\/\/www.reiterverein-dettingen.de\/index.php?rest_route=\/wp\/v2\/posts"}],"about":[{"href":"https:\/\/www.reiterverein-dettingen.de\/index.php?rest_route=\/wp\/v2\/types\/post"}],"author":[{"embeddable":true,"href":"https:\/\/www.reiterverein-dettingen.de\/index.php?rest_route=\/wp\/v2\/users\/4"}],"replies":[{"embeddable":true,"href":"https:\/\/www.reiterverein-dettingen.de\/index.php?rest_route=%2Fwp%2Fv2%2Fcomments&post=1984"}],"version-history":[{"count":11,"href":"https:\/\/www.reiterverein-dettingen.de\/index.php?rest_route=\/wp\/v2\/posts\/1984\/revisions"}],"predecessor-version":[{"id":1996,"href":"https:\/\/www.reiterverein-dettingen.de\/index.php?rest_route=\/wp\/v2\/posts\/1984\/revisions\/1996"}],"wp:attachment":[{"href":"https:\/\/www.reiterverein-dettingen.de\/index.php?rest_route=%2Fwp%2Fv2%2Fmedia&parent=1984"}],"wp:term":[{"taxonomy":"category","embeddable":true,"href":"https:\/\/www.reiterverein-dettingen.de\/index.php?rest_route=%2Fwp%2Fv2%2Fcategories&post=1984"},{"taxonomy":"post_tag","embeddable":true,"href":"https:\/\/www.reiterverein-dettingen.de\/index.php?rest_route=%2Fwp%2Fv2%2Ftags&post=1984"}],"curies":[{"name":"wp","href":"https:\/\/api.w.org\/{rel}","templated":true}]}}