{"id":2125,"date":"2014-12-08T10:55:43","date_gmt":"2014-12-08T09:55:43","guid":{"rendered":"http:\/\/www.reiterverein-dettingen.de\/?p=2125"},"modified":"2014-12-08T10:55:43","modified_gmt":"2014-12-08T09:55:43","slug":"ankuendigung-drei-koenigs-reiten-06-01-2015","status":"publish","type":"post","link":"https:\/\/www.reiterverein-dettingen.de\/?p=2125","title":{"rendered":"Ank\u00fcndigung Drei-K\u00f6nigs-Reiten 06.01.2015"},"content":{"rendered":"<div><a href=\"http:\/\/www.reiterverein-dettingen.de\/wp-content\/uploads\/2014\/05\/images.jpeg\"><img loading=\"lazy\" decoding=\"async\" class=\"alignleft size-full wp-image-1805\" src=\"http:\/\/www.reiterverein-dettingen.de\/wp-content\/uploads\/2014\/05\/images.jpeg\" alt=\"images\" width=\"259\" height=\"194\" \/><\/a>Die Vereinsmeisterschaften sind vorbei und schon k\u00fcndigt sich das n\u00e4chste Event an. Am 06.01.2015 findet unser traditionelles Drei-K\u00f6nigs-Reiten statt. Wir m\u00f6chten alle Voltikids bitten, in den n\u00e4chsten Wochen flei\u00dfig zum Voltitraining zu kommen um die \u00dcbungen einzustudieren. Sollte ein Kind mal verhindert sein bitte unbedingt bei Tanja oder Anne abmelden. Desweiteren werden wie jedes Jahr flei\u00dfige Helfer\/Innen und Kuchenb\u00e4cker\/Innen gesucht, die uns mit ihrem Einsatz in der Bewirtung unterst\u00fctzen. Ebenso werden die Reitlehrer gebeten sich Gedanken zu machen, ob und in welcher Form sie sich mit ihren Reitsch\u00fclern beteiligen m\u00f6chten. Auch ben\u00f6tigen wir noch Unterst\u00fctzung bei der Vorbereitung des Neujahrsprungs. Wer Ideen hat und das gerne \u00fcbernehmen m\u00f6chte, bitte Bescheid geben. Bei Fragen oder Anregungen bitte melden unter\u00a0<a href=\"mailto:sandra@reiterverein-dettingen.de\">sandra@reiterverein-dettingen.de<\/a><\/div>\n<div>Vielen Dank im Voraus!<\/div>\n<div>Euer St\u00fcbleswart Sandra<\/div>\n","protected":false},"excerpt":{"rendered":"<p>Die Vereinsmeisterschaften sind vorbei und schon k\u00fcndigt sich das n\u00e4chste Event an. Am 06.01.2015 findet unser traditionelles Drei-K\u00f6nigs-Reiten statt. Wir m\u00f6chten alle Voltikids bitten, in den n\u00e4chsten Wochen flei\u00dfig zum Voltitraining zu kommen um die \u00dcbungen einzustudieren. Sollte ein Kind mal verhindert sein bitte unbedingt bei Tanja oder Anne abmelden. Desweiteren werden wie jedes Jahr flei\u00dfige Helfer\/Innen und Kuchenb\u00e4cker\/Innen gesucht, die uns mit ihrem Einsatz in der Bewirtung unterst\u00fctzen. Ebenso werden die Reitlehrer gebeten sich Gedanken zu machen, ob und in welcher Form sie sich mit ihren Reitsch\u00fclern beteiligen m\u00f6chten. Auch ben\u00f6tigen wir noch Unterst\u00fctzung bei der Vorbereitung des Neujahrsprungs. Wer Ideen hat und das gerne \u00fcbernehmen m\u00f6chte, bitte Bescheid geben. Bei Fragen oder Anregungen bitte melden unter\u00a0sandra@reiterverein-dettingen.de Vielen Dank im Voraus! Euer St\u00fcbleswart Sandra<\/p>\n","protected":false},"author":4,"featured_media":0,"comment_status":"open","ping_status":"open","sticky":false,"template":"","format":"standard","meta":{"footnotes":""},"categories":[8,12,3,34,19],"tags":[],"class_list":["post-2125","post","type-post","status-publish","format-standard","hentry","category-c1-aktuelle-nachrichten","category-c31-allgemein","category-s1-news","category-reiterstuble","category-c36-termine"],"_links":{"self":[{"href":"https:\/\/www.reiterverein-dettingen.de\/index.php?rest_route=\/wp\/v2\/posts\/2125","targetHints":{"allow":["GET"]}}],"collection":[{"href":"https:\/\/www.reiterverein-dettingen.de\/index.php?rest_route=\/wp\/v2\/posts"}],"about":[{"href":"https:\/\/www.reiterverein-dettingen.de\/index.php?rest_route=\/wp\/v2\/types\/post"}],"author":[{"embeddable":true,"href":"https:\/\/www.reiterverein-dettingen.de\/index.php?rest_route=\/wp\/v2\/users\/4"}],"replies":[{"embeddable":true,"href":"https:\/\/www.reiterverein-dettingen.de\/index.php?rest_route=%2Fwp%2Fv2%2Fcomments&post=2125"}],"version-history":[{"count":2,"href":"https:\/\/www.reiterverein-dettingen.de\/index.php?rest_route=\/wp\/v2\/posts\/2125\/revisions"}],"predecessor-version":[{"id":2127,"href":"https:\/\/www.reiterverein-dettingen.de\/index.php?rest_route=\/wp\/v2\/posts\/2125\/revisions\/2127"}],"wp:attachment":[{"href":"https:\/\/www.reiterverein-dettingen.de\/index.php?rest_route=%2Fwp%2Fv2%2Fmedia&parent=2125"}],"wp:term":[{"taxonomy":"category","embeddable":true,"href":"https:\/\/www.reiterverein-dettingen.de\/index.php?rest_route=%2Fwp%2Fv2%2Fcategories&post=2125"},{"taxonomy":"post_tag","embeddable":true,"href":"https:\/\/www.reiterverein-dettingen.de\/index.php?rest_route=%2Fwp%2Fv2%2Ftags&post=2125"}],"curies":[{"name":"wp","href":"https:\/\/api.w.org\/{rel}","templated":true}]}}