{"id":2282,"date":"2015-03-30T19:18:21","date_gmt":"2015-03-30T17:18:21","guid":{"rendered":"http:\/\/www.reiterverein-dettingen.de\/?p=2282"},"modified":"2015-03-30T19:19:46","modified_gmt":"2015-03-30T17:19:46","slug":"osterwanderung-am-samstag-04-04-15","status":"publish","type":"post","link":"https:\/\/www.reiterverein-dettingen.de\/?p=2282","title":{"rendered":"Osterwanderung am Samstag, 04.04.15"},"content":{"rendered":"<div class=\"\"><\/div>\n<div class=\"\"><\/div>\n<div class=\"\"><a href=\"http:\/\/www.reiterverein-dettingen.de\/wp-content\/uploads\/2015\/03\/Osterhase-001.jpg\"><img loading=\"lazy\" decoding=\"async\" class=\"alignleft size-thumbnail wp-image-2287\" src=\"http:\/\/www.reiterverein-dettingen.de\/wp-content\/uploads\/2015\/03\/Osterhase-001-150x150.jpg\" alt=\"Osterhase-001\" width=\"150\" height=\"150\" \/><\/a>Liebe RVDler! Am kommenden <strong><span style=\"color: #ff0000;\">Samstag, 04.04.15,<\/span><\/strong> treffen wir uns um <strong><span style=\"color: #ff0000;\">10 Uhr<\/span><\/strong> an der Reithalle zu einem Osterspaziergang mit Pony-Begleitung. Besonders unsere Kiddies und Jugendlichen sind hier angesprochen. Nat\u00fcrlich freuen wir uns auch \u00fcber Mamas und Papas, die uns begleiten m\u00f6chten. Vielleicht kommt ja auch der Osterhase an der Reithalle vorbei?! Es wird gewandert und gelacht, auf den Ponys geritten\u2026ein aufregender Vormittag erwartet Euch! Gegen 12 Uhr wird das Osterfest dann zu Ende sein. Wir freuen uns zahlreiche Mitglieder und ein sch\u00f6nes Miteinander!<\/div>\n","protected":false},"excerpt":{"rendered":"<p>Liebe RVDler! Am kommenden Samstag, 04.04.15, treffen wir uns um 10 Uhr an der Reithalle zu einem Osterspaziergang mit Pony-Begleitung. Besonders unsere Kiddies und Jugendlichen sind hier angesprochen. Nat\u00fcrlich freuen wir uns auch \u00fcber Mamas und Papas, die uns begleiten m\u00f6chten. Vielleicht kommt ja auch der Osterhase an der Reithalle vorbei?! Es wird gewandert und gelacht, auf den Ponys geritten\u2026ein aufregender Vormittag erwartet Euch! Gegen 12 Uhr wird das Osterfest dann zu Ende sein. Wir freuen uns zahlreiche Mitglieder und ein sch\u00f6nes Miteinander!<\/p>\n","protected":false},"author":4,"featured_media":0,"comment_status":"open","ping_status":"open","sticky":false,"template":"","format":"standard","meta":{"footnotes":""},"categories":[8,12,3,19],"tags":[],"class_list":["post-2282","post","type-post","status-publish","format-standard","hentry","category-c1-aktuelle-nachrichten","category-c31-allgemein","category-s1-news","category-c36-termine"],"_links":{"self":[{"href":"https:\/\/www.reiterverein-dettingen.de\/index.php?rest_route=\/wp\/v2\/posts\/2282","targetHints":{"allow":["GET"]}}],"collection":[{"href":"https:\/\/www.reiterverein-dettingen.de\/index.php?rest_route=\/wp\/v2\/posts"}],"about":[{"href":"https:\/\/www.reiterverein-dettingen.de\/index.php?rest_route=\/wp\/v2\/types\/post"}],"author":[{"embeddable":true,"href":"https:\/\/www.reiterverein-dettingen.de\/index.php?rest_route=\/wp\/v2\/users\/4"}],"replies":[{"embeddable":true,"href":"https:\/\/www.reiterverein-dettingen.de\/index.php?rest_route=%2Fwp%2Fv2%2Fcomments&post=2282"}],"version-history":[{"count":6,"href":"https:\/\/www.reiterverein-dettingen.de\/index.php?rest_route=\/wp\/v2\/posts\/2282\/revisions"}],"predecessor-version":[{"id":2292,"href":"https:\/\/www.reiterverein-dettingen.de\/index.php?rest_route=\/wp\/v2\/posts\/2282\/revisions\/2292"}],"wp:attachment":[{"href":"https:\/\/www.reiterverein-dettingen.de\/index.php?rest_route=%2Fwp%2Fv2%2Fmedia&parent=2282"}],"wp:term":[{"taxonomy":"category","embeddable":true,"href":"https:\/\/www.reiterverein-dettingen.de\/index.php?rest_route=%2Fwp%2Fv2%2Fcategories&post=2282"},{"taxonomy":"post_tag","embeddable":true,"href":"https:\/\/www.reiterverein-dettingen.de\/index.php?rest_route=%2Fwp%2Fv2%2Ftags&post=2282"}],"curies":[{"name":"wp","href":"https:\/\/api.w.org\/{rel}","templated":true}]}}