{"id":2299,"date":"2015-04-13T15:50:52","date_gmt":"2015-04-13T13:50:52","guid":{"rendered":"http:\/\/www.reiterverein-dettingen.de\/?p=2299"},"modified":"2015-04-23T18:35:50","modified_gmt":"2015-04-23T16:35:50","slug":"grosser-arbeitsdienst-am-25-04-2015","status":"publish","type":"post","link":"https:\/\/www.reiterverein-dettingen.de\/?p=2299","title":{"rendered":"Gro\u00dfer Arbeitsdienst am 25.04.2015"},"content":{"rendered":"<div class=\"\"><a href=\"http:\/\/www.reiterverein-dettingen.de\/wp-content\/uploads\/2013\/09\/Schild.png\"><img loading=\"lazy\" decoding=\"async\" class=\"alignleft size-full wp-image-1417\" src=\"http:\/\/www.reiterverein-dettingen.de\/wp-content\/uploads\/2013\/09\/Schild.png\" alt=\"Schild\" width=\"150\" height=\"150\" \/><\/a>Liebe Mitglieder, am <strong><span style=\"color: #ff0000;\">Samstag, 25.04.15 ab 9 Uhr<\/span><\/strong> findet wieder einer unserer <strong><span style=\"color: #ff0000;\">gro\u00dfen Arbeitsdienste<\/span><\/strong> statt. Unsere Reithalle, das Reiterst\u00fcble und die gesamte Reitanlage drau\u00dfen soll auf Vordermann gebracht werden. Dazu ben\u00f6tigen wir nat\u00fcrlich viele Helfer\/Innen, die uns tatkr\u00e4ftig unterst\u00fctzen. Bitte bringt entsprechendes Ausr\u00fcstzeug wie Handschuhe, Hammer, Hacke etc. mit. Wer unseren St\u00fcbleswart unterst\u00fctzen m\u00f6chte bringt bitte Putzlappen, Fensterputzzeug, Eimer etc. mit. Je mehr arbeitende H\u00e4nde, umso schneller sind wir fertig. Nat\u00fcrlich werdet ihr mit Getr\u00e4nken und einem Mittagessen versorgt. Bitte helft alle mit\u2026! Wir freuen uns auf Euch!<\/div>\n<div class=\"\">Euer Vorstand und Ausschuss<\/div>\n","protected":false},"excerpt":{"rendered":"<p>Liebe Mitglieder, am Samstag, 25.04.15 ab 9 Uhr findet wieder einer unserer gro\u00dfen Arbeitsdienste statt. Unsere Reithalle, das Reiterst\u00fcble und die gesamte Reitanlage drau\u00dfen soll auf Vordermann gebracht werden. Dazu ben\u00f6tigen wir nat\u00fcrlich viele Helfer\/Innen, die uns tatkr\u00e4ftig unterst\u00fctzen. Bitte bringt entsprechendes Ausr\u00fcstzeug wie Handschuhe, Hammer, Hacke etc. mit. Wer unseren St\u00fcbleswart unterst\u00fctzen m\u00f6chte bringt bitte Putzlappen, Fensterputzzeug, Eimer etc. mit. Je mehr arbeitende H\u00e4nde, umso schneller sind wir fertig. Nat\u00fcrlich werdet ihr mit Getr\u00e4nken und einem Mittagessen versorgt. Bitte helft alle mit\u2026! Wir freuen uns auf Euch! Euer Vorstand und Ausschuss<\/p>\n","protected":false},"author":4,"featured_media":0,"comment_status":"open","ping_status":"open","sticky":false,"template":"","format":"standard","meta":{"footnotes":""},"categories":[8,12,3,15,34,19],"tags":[],"class_list":["post-2299","post","type-post","status-publish","format-standard","hentry","category-c1-aktuelle-nachrichten","category-c31-allgemein","category-s1-news","category-c25-reitanlage","category-reiterstuble","category-c36-termine"],"_links":{"self":[{"href":"https:\/\/www.reiterverein-dettingen.de\/index.php?rest_route=\/wp\/v2\/posts\/2299","targetHints":{"allow":["GET"]}}],"collection":[{"href":"https:\/\/www.reiterverein-dettingen.de\/index.php?rest_route=\/wp\/v2\/posts"}],"about":[{"href":"https:\/\/www.reiterverein-dettingen.de\/index.php?rest_route=\/wp\/v2\/types\/post"}],"author":[{"embeddable":true,"href":"https:\/\/www.reiterverein-dettingen.de\/index.php?rest_route=\/wp\/v2\/users\/4"}],"replies":[{"embeddable":true,"href":"https:\/\/www.reiterverein-dettingen.de\/index.php?rest_route=%2Fwp%2Fv2%2Fcomments&post=2299"}],"version-history":[{"count":1,"href":"https:\/\/www.reiterverein-dettingen.de\/index.php?rest_route=\/wp\/v2\/posts\/2299\/revisions"}],"predecessor-version":[{"id":2300,"href":"https:\/\/www.reiterverein-dettingen.de\/index.php?rest_route=\/wp\/v2\/posts\/2299\/revisions\/2300"}],"wp:attachment":[{"href":"https:\/\/www.reiterverein-dettingen.de\/index.php?rest_route=%2Fwp%2Fv2%2Fmedia&parent=2299"}],"wp:term":[{"taxonomy":"category","embeddable":true,"href":"https:\/\/www.reiterverein-dettingen.de\/index.php?rest_route=%2Fwp%2Fv2%2Fcategories&post=2299"},{"taxonomy":"post_tag","embeddable":true,"href":"https:\/\/www.reiterverein-dettingen.de\/index.php?rest_route=%2Fwp%2Fv2%2Ftags&post=2299"}],"curies":[{"name":"wp","href":"https:\/\/api.w.org\/{rel}","templated":true}]}}