{"id":2342,"date":"2015-05-01T11:52:41","date_gmt":"2015-05-01T09:52:41","guid":{"rendered":"http:\/\/www.reiterverein-dettingen.de\/?p=2342"},"modified":"2015-09-26T16:44:01","modified_gmt":"2015-09-26T14:44:01","slug":"bericht-zur-hauptversammlung","status":"publish","type":"post","link":"https:\/\/www.reiterverein-dettingen.de\/?p=2342","title":{"rendered":"Bericht zur Hauptversammlung"},"content":{"rendered":"<p>Zahlreiche Mitglieder fanden sich am 20. M\u00e4rz zu unserer diesj\u00e4hrigen Hauptversammlung ein und wurden durch unseren Vorstand, Martin Klein, begr\u00fc\u00dft. Der Jahresr\u00fcckblick auf 2014 durch unsere Vorst\u00e4nde war durchaus positiv. Die gro\u00dfen Veranstaltungen wie Turnier und Schlachtfest liefen reibungslos ab. Unsere Vereinsmeisterschaft im Herbst war ein voller Erfolg und kam bei allen Mitgliedern gut an. Auch der Dressurlehrgang mit Iris Ischinger und die Pr\u00fcfungen zu den Reitabzeichen\/Basispass waren ein voller Erfolg. Einen \u00dcberblick \u00fcber die Finanzen gab unser Kassier Klaus Bialas mit dem Kassenbericht 2014. \u00dcber diverse \u00c4nderungen bei der Geb\u00fchrenordnung wurde informiert und abgestimmt. Beate Schlumpberger-Hummel und Mirja Hankl haben nach Pr\u00fcfung der Unterlagen den Kassier, Vorstand und Ausschuss zur Entlastung vorgeschlagen und lobende Worte f\u00fcr die Buchhaltung und ihre Genauigkeit gefunden. Der Vorstand und Ausschuss wurden von den Mitgliedern entlastet. Zu den Wahlen ist zu sagen, das Timo Hinterberger als 2. Vorstand wieder gew\u00e4hlt wurde. Frank Fiedler hat das Amt als Kassier inne und Klaus Bialas wurde als Ausschussmitglied gew\u00e4hlt. Sandra Maier wurde in ihrem Amt als Ausschussmitglied und St\u00fcbleswart best\u00e4tigt und Katrin H\u00f6\u00dfler unterst\u00fctzt den Verein auch weiterhin von au\u00dferhalb als Sportwart. Eine rege Diskussion gab es bez. Erweiterung Au\u00dfenplatz. Timo Hinterberger informierte \u00fcber die verschiedenen M\u00f6glichkeiten und Angebote sowie die Finanzierung. Es wurde mehrheitlich f\u00fcr den Umbau und die Erweiterung des Au\u00dfenplatzes abgestimmt und die Bauarbeiten werden zeitnah beginnen. Die Ehrungen wurden durch unsere Vorst\u00e4nde vorgenommen. Unter anderem wurden Eva Ensminger und Carolin Grieb die Urkunde f\u00fcr 10j\u00e4hrige Mitgliedschaft \u00fcberreicht. Danach wurden noch die bevorstehenden Termine angesprochen und bekanntgegeben. Martin Klein hat besonders betont, das mehr (m\u00e4nnliche) Helfer bei den verschiedenen Veranstaltungen ben\u00f6tigt werden. Zum Ende der Versammlung sa\u00df man noch gem\u00fctlich beisammen und genoss den Abend. Ein ausf\u00fchrlicher Bericht durch den Vorstand folgt!<\/p>\n","protected":false},"excerpt":{"rendered":"<p>Zahlreiche Mitglieder fanden sich am 20. M\u00e4rz zu unserer diesj\u00e4hrigen Hauptversammlung ein und wurden durch unseren Vorstand, Martin Klein, begr\u00fc\u00dft. Der Jahresr\u00fcckblick auf 2014 durch unsere Vorst\u00e4nde war durchaus positiv. Die gro\u00dfen Veranstaltungen wie Turnier und Schlachtfest liefen reibungslos ab. Unsere Vereinsmeisterschaft im Herbst war ein voller Erfolg und kam bei allen Mitgliedern gut an. Auch der Dressurlehrgang mit Iris Ischinger und die Pr\u00fcfungen zu den Reitabzeichen\/Basispass waren ein voller Erfolg. Einen \u00dcberblick \u00fcber die Finanzen gab unser Kassier Klaus Bialas mit dem Kassenbericht 2014. \u00dcber diverse \u00c4nderungen bei der Geb\u00fchrenordnung wurde informiert und abgestimmt. Beate Schlumpberger-Hummel und Mirja Hankl haben nach Pr\u00fcfung der Unterlagen den Kassier, Vorstand und Ausschuss zur Entlastung vorgeschlagen und lobende Worte f\u00fcr die Buchhaltung und ihre Genauigkeit gefunden. Der Vorstand und Ausschuss wurden von den Mitgliedern entlastet. Zu den Wahlen ist zu sagen, das Timo Hinterberger als 2. Vorstand wieder gew\u00e4hlt wurde. Frank Fiedler hat das Amt als Kassier inne und Klaus Bialas wurde als Ausschussmitglied gew\u00e4hlt. Sandra Maier wurde in ihrem Amt als Ausschussmitglied und St\u00fcbleswart best\u00e4tigt und Katrin H\u00f6\u00dfler unterst\u00fctzt den Verein auch weiterhin von au\u00dferhalb als Sportwart. Eine rege Diskussion gab es bez. Erweiterung Au\u00dfenplatz. Timo Hinterberger informierte \u00fcber die verschiedenen M\u00f6glichkeiten und Angebote sowie die Finanzierung. Es wurde mehrheitlich f\u00fcr den Umbau und die Erweiterung des Au\u00dfenplatzes abgestimmt und die Bauarbeiten werden zeitnah beginnen. Die Ehrungen wurden durch unsere Vorst\u00e4nde vorgenommen. Unter anderem wurden Eva Ensminger und Carolin Grieb die Urkunde f\u00fcr 10j\u00e4hrige Mitgliedschaft \u00fcberreicht. Danach wurden noch die bevorstehenden Termine angesprochen und bekanntgegeben. Martin Klein hat besonders betont, das mehr (m\u00e4nnliche) Helfer bei den verschiedenen Veranstaltungen ben\u00f6tigt werden. Zum Ende der Versammlung sa\u00df man noch gem\u00fctlich beisammen und genoss den Abend. Ein ausf\u00fchrlicher Bericht durch den Vorstand folgt!<\/p>\n","protected":false},"author":4,"featured_media":0,"comment_status":"open","ping_status":"open","sticky":false,"template":"","format":"standard","meta":{"footnotes":""},"categories":[8,12,3,34],"tags":[],"class_list":["post-2342","post","type-post","status-publish","format-standard","hentry","category-c1-aktuelle-nachrichten","category-c31-allgemein","category-s1-news","category-reiterstuble"],"_links":{"self":[{"href":"https:\/\/www.reiterverein-dettingen.de\/index.php?rest_route=\/wp\/v2\/posts\/2342","targetHints":{"allow":["GET"]}}],"collection":[{"href":"https:\/\/www.reiterverein-dettingen.de\/index.php?rest_route=\/wp\/v2\/posts"}],"about":[{"href":"https:\/\/www.reiterverein-dettingen.de\/index.php?rest_route=\/wp\/v2\/types\/post"}],"author":[{"embeddable":true,"href":"https:\/\/www.reiterverein-dettingen.de\/index.php?rest_route=\/wp\/v2\/users\/4"}],"replies":[{"embeddable":true,"href":"https:\/\/www.reiterverein-dettingen.de\/index.php?rest_route=%2Fwp%2Fv2%2Fcomments&post=2342"}],"version-history":[{"count":2,"href":"https:\/\/www.reiterverein-dettingen.de\/index.php?rest_route=\/wp\/v2\/posts\/2342\/revisions"}],"predecessor-version":[{"id":2344,"href":"https:\/\/www.reiterverein-dettingen.de\/index.php?rest_route=\/wp\/v2\/posts\/2342\/revisions\/2344"}],"wp:attachment":[{"href":"https:\/\/www.reiterverein-dettingen.de\/index.php?rest_route=%2Fwp%2Fv2%2Fmedia&parent=2342"}],"wp:term":[{"taxonomy":"category","embeddable":true,"href":"https:\/\/www.reiterverein-dettingen.de\/index.php?rest_route=%2Fwp%2Fv2%2Fcategories&post=2342"},{"taxonomy":"post_tag","embeddable":true,"href":"https:\/\/www.reiterverein-dettingen.de\/index.php?rest_route=%2Fwp%2Fv2%2Ftags&post=2342"}],"curies":[{"name":"wp","href":"https:\/\/api.w.org\/{rel}","templated":true}]}}