{"id":2353,"date":"2015-05-08T09:46:03","date_gmt":"2015-05-08T07:46:03","guid":{"rendered":"http:\/\/www.reiterverein-dettingen.de\/?p=2353"},"modified":"2015-05-08T09:46:03","modified_gmt":"2015-05-08T07:46:03","slug":"nuernberger-burgpokal-der-baden-wuerttembergischen-junioren","status":"publish","type":"post","link":"https:\/\/www.reiterverein-dettingen.de\/?p=2353","title":{"rendered":"N\u00fcrnberger Burgpokal der Baden-W\u00fcrttembergischen Junioren"},"content":{"rendered":"<div class=\"\"><\/div>\n<div class=\"\"><span class=\"\"><a href=\"http:\/\/www.reiterverein-dettingen.de\/wp-content\/uploads\/2015\/05\/IMG_0700.jpg\"><img loading=\"lazy\" decoding=\"async\" class=\"alignleft size-medium wp-image-2354\" src=\"http:\/\/www.reiterverein-dettingen.de\/wp-content\/uploads\/2015\/05\/IMG_0700-169x300.jpg\" alt=\"IMG_0700\" width=\"169\" height=\"300\" srcset=\"https:\/\/www.reiterverein-dettingen.de\/wp-content\/uploads\/2015\/05\/IMG_0700-169x300.jpg 169w, https:\/\/www.reiterverein-dettingen.de\/wp-content\/uploads\/2015\/05\/IMG_0700-575x1024.jpg 575w, https:\/\/www.reiterverein-dettingen.de\/wp-content\/uploads\/2015\/05\/IMG_0700.jpg 719w\" sizes=\"auto, (max-width: 169px) 100vw, 169px\" \/><\/a>Catharina Hummel hat mit Ihrer Stute Finale Grande die\u00a0<\/span><span class=\"\">ersten beiden Qualifikationen des N\u00fcrnberger Burgpokal\u00a0<\/span><span class=\"\">der Baden-W\u00fcrttembergischen Junioren gewonnen.<\/span><\/div>\n<div class=\"\"><\/div>\n<div class=\"\">Bei dieser Turnierserie gibt es mehrere Qualifikationspr\u00fcfungen &#8211; d<span class=\"\">ie 10 punktbesten Junioren bis 17 Jahren aus Baden-W\u00fcrttemberg\u00a0<\/span><span class=\"\">d\u00fcrfen am Ende im Finale, welches beim gro\u00dfen internationalen\u00a0<\/span><span class=\"\">Reitturnier in Donaueschingen stattfindet, teilnehmen.<\/span><\/div>\n<div class=\"\"><\/div>\n<div class=\"\">1.Platz L**-Kandare Reitturnier in Pforzheim 26.04.2015<\/div>\n<div class=\"\">1.Platz L**-Kandare Reitturnier in Waiblingen 02.05.2015<\/div>\n<div class=\"\">Herzlichen Gl\u00fcckwunsch Cathi!<\/div>\n","protected":false},"excerpt":{"rendered":"<p>Catharina Hummel hat mit Ihrer Stute Finale Grande die\u00a0ersten beiden Qualifikationen des N\u00fcrnberger Burgpokal\u00a0der Baden-W\u00fcrttembergischen Junioren gewonnen. Bei dieser Turnierserie gibt es mehrere Qualifikationspr\u00fcfungen &#8211; die 10 punktbesten Junioren bis 17 Jahren aus Baden-W\u00fcrttemberg\u00a0d\u00fcrfen am Ende im Finale, welches beim gro\u00dfen internationalen\u00a0Reitturnier in Donaueschingen stattfindet, teilnehmen. 1.Platz L**-Kandare Reitturnier in Pforzheim 26.04.2015 1.Platz L**-Kandare Reitturnier in Waiblingen 02.05.2015 Herzlichen Gl\u00fcckwunsch Cathi!<\/p>\n","protected":false},"author":4,"featured_media":0,"comment_status":"open","ping_status":"open","sticky":false,"template":"","format":"standard","meta":{"footnotes":""},"categories":[8,12,9,3,18],"tags":[],"class_list":["post-2353","post","type-post","status-publish","format-standard","hentry","category-c1-aktuelle-nachrichten","category-c31-allgemein","category-c3-kurzmeldungen","category-s1-news","category-c35-turniersport"],"_links":{"self":[{"href":"https:\/\/www.reiterverein-dettingen.de\/index.php?rest_route=\/wp\/v2\/posts\/2353","targetHints":{"allow":["GET"]}}],"collection":[{"href":"https:\/\/www.reiterverein-dettingen.de\/index.php?rest_route=\/wp\/v2\/posts"}],"about":[{"href":"https:\/\/www.reiterverein-dettingen.de\/index.php?rest_route=\/wp\/v2\/types\/post"}],"author":[{"embeddable":true,"href":"https:\/\/www.reiterverein-dettingen.de\/index.php?rest_route=\/wp\/v2\/users\/4"}],"replies":[{"embeddable":true,"href":"https:\/\/www.reiterverein-dettingen.de\/index.php?rest_route=%2Fwp%2Fv2%2Fcomments&post=2353"}],"version-history":[{"count":1,"href":"https:\/\/www.reiterverein-dettingen.de\/index.php?rest_route=\/wp\/v2\/posts\/2353\/revisions"}],"predecessor-version":[{"id":2355,"href":"https:\/\/www.reiterverein-dettingen.de\/index.php?rest_route=\/wp\/v2\/posts\/2353\/revisions\/2355"}],"wp:attachment":[{"href":"https:\/\/www.reiterverein-dettingen.de\/index.php?rest_route=%2Fwp%2Fv2%2Fmedia&parent=2353"}],"wp:term":[{"taxonomy":"category","embeddable":true,"href":"https:\/\/www.reiterverein-dettingen.de\/index.php?rest_route=%2Fwp%2Fv2%2Fcategories&post=2353"},{"taxonomy":"post_tag","embeddable":true,"href":"https:\/\/www.reiterverein-dettingen.de\/index.php?rest_route=%2Fwp%2Fv2%2Ftags&post=2353"}],"curies":[{"name":"wp","href":"https:\/\/api.w.org\/{rel}","templated":true}]}}