{"id":2497,"date":"2015-08-27T11:35:43","date_gmt":"2015-08-27T09:35:43","guid":{"rendered":"http:\/\/www.reiterverein-dettingen.de\/?p=2497"},"modified":"2015-08-27T11:35:43","modified_gmt":"2015-08-27T09:35:43","slug":"tag-rund-ums-pferd-3","status":"publish","type":"post","link":"https:\/\/www.reiterverein-dettingen.de\/?p=2497","title":{"rendered":"Tag rund ums Pferd!"},"content":{"rendered":"<div>Am 10.08. fanden sich 14 pferdebegeisterte M\u00e4dchen und Jungen auf der Reitanlage des RV Dettingen ein, um einen tollen Tag mit Pferden zu erleben. Von den Jugendlichen des Vereins empfangen, ging es dann auch gleich mit dem gemeinsamen Putzen der gro\u00dfen Vierbeiner, die an diesem Tag nat\u00fcrlich die Hauptrolle spielten, los. Schick rausgeputz und mit Sattel oder Gurt ausger\u00fcstet waren unsere 6 Pferde dann bereit &#8211; also Helm auf und ab aufs Pferd! W\u00e4hrend die eine H\u00e4lfte sich in der Reithalle beim Voltigieren und bei einem bunten Geschicklichkeitsparcours ausprobieren konnte, hie\u00df es f\u00fcr die Anderen raus an die frische Luft und bei einem kleine Ausritt das sch\u00f6ne Wetter vom Pferder\u00fccken aus genie\u00dfen. Nach dem Reiten wurden die Pferde gut versorgt, die Kids genossen ein Eis und jeder bekam noch ein kleines Metall-Pferdchen als Andenken.<\/div>\n<div>Vielen Dank an die flei\u00dfigen Helfer!!!<\/div>\n<div><a href=\"http:\/\/www.reiterverein-dettingen.de\/wp-content\/uploads\/2015\/08\/Gruppenbild-SFP.jpg\"><img loading=\"lazy\" decoding=\"async\" class=\"alignleft  wp-image-2498\" src=\"http:\/\/www.reiterverein-dettingen.de\/wp-content\/uploads\/2015\/08\/Gruppenbild-SFP-300x214.jpg\" alt=\"Gruppenbild SFP\" width=\"349\" height=\"249\" srcset=\"https:\/\/www.reiterverein-dettingen.de\/wp-content\/uploads\/2015\/08\/Gruppenbild-SFP-300x214.jpg 300w, https:\/\/www.reiterverein-dettingen.de\/wp-content\/uploads\/2015\/08\/Gruppenbild-SFP-1024x731.jpg 1024w\" sizes=\"auto, (max-width: 349px) 100vw, 349px\" \/><\/a><\/div>\n","protected":false},"excerpt":{"rendered":"<p>Am 10.08. fanden sich 14 pferdebegeisterte M\u00e4dchen und Jungen auf der Reitanlage des RV Dettingen ein, um einen tollen Tag mit Pferden zu erleben. Von den Jugendlichen des Vereins empfangen, ging es dann auch gleich mit dem gemeinsamen Putzen der gro\u00dfen Vierbeiner, die an diesem Tag nat\u00fcrlich die Hauptrolle spielten, los. Schick rausgeputz und mit Sattel oder Gurt ausger\u00fcstet waren unsere 6 Pferde dann bereit &#8211; also Helm auf und ab aufs Pferd! W\u00e4hrend die eine H\u00e4lfte sich in der Reithalle beim Voltigieren und bei einem bunten Geschicklichkeitsparcours ausprobieren konnte, hie\u00df es f\u00fcr die Anderen raus an die frische Luft und bei einem kleine Ausritt das sch\u00f6ne Wetter vom Pferder\u00fccken aus genie\u00dfen. Nach dem Reiten wurden die Pferde gut versorgt, die Kids genossen ein Eis und jeder bekam noch ein kleines Metall-Pferdchen als Andenken. Vielen Dank an die flei\u00dfigen Helfer!!!<\/p>\n","protected":false},"author":4,"featured_media":0,"comment_status":"open","ping_status":"open","sticky":false,"template":"","format":"standard","meta":{"footnotes":""},"categories":[8,12,3,19,14],"tags":[],"class_list":["post-2497","post","type-post","status-publish","format-standard","hentry","category-c1-aktuelle-nachrichten","category-c31-allgemein","category-s1-news","category-c36-termine","category-c29-vereinspferde"],"_links":{"self":[{"href":"https:\/\/www.reiterverein-dettingen.de\/index.php?rest_route=\/wp\/v2\/posts\/2497","targetHints":{"allow":["GET"]}}],"collection":[{"href":"https:\/\/www.reiterverein-dettingen.de\/index.php?rest_route=\/wp\/v2\/posts"}],"about":[{"href":"https:\/\/www.reiterverein-dettingen.de\/index.php?rest_route=\/wp\/v2\/types\/post"}],"author":[{"embeddable":true,"href":"https:\/\/www.reiterverein-dettingen.de\/index.php?rest_route=\/wp\/v2\/users\/4"}],"replies":[{"embeddable":true,"href":"https:\/\/www.reiterverein-dettingen.de\/index.php?rest_route=%2Fwp%2Fv2%2Fcomments&post=2497"}],"version-history":[{"count":1,"href":"https:\/\/www.reiterverein-dettingen.de\/index.php?rest_route=\/wp\/v2\/posts\/2497\/revisions"}],"predecessor-version":[{"id":2499,"href":"https:\/\/www.reiterverein-dettingen.de\/index.php?rest_route=\/wp\/v2\/posts\/2497\/revisions\/2499"}],"wp:attachment":[{"href":"https:\/\/www.reiterverein-dettingen.de\/index.php?rest_route=%2Fwp%2Fv2%2Fmedia&parent=2497"}],"wp:term":[{"taxonomy":"category","embeddable":true,"href":"https:\/\/www.reiterverein-dettingen.de\/index.php?rest_route=%2Fwp%2Fv2%2Fcategories&post=2497"},{"taxonomy":"post_tag","embeddable":true,"href":"https:\/\/www.reiterverein-dettingen.de\/index.php?rest_route=%2Fwp%2Fv2%2Ftags&post=2497"}],"curies":[{"name":"wp","href":"https:\/\/api.w.org\/{rel}","templated":true}]}}