{"id":2603,"date":"2015-10-14T16:23:16","date_gmt":"2015-10-14T14:23:16","guid":{"rendered":"http:\/\/www.reiterverein-dettingen.de\/?p=2603"},"modified":"2015-10-14T16:23:16","modified_gmt":"2015-10-14T14:23:16","slug":"voltitag-in-laichingen","status":"publish","type":"post","link":"https:\/\/www.reiterverein-dettingen.de\/?p=2603","title":{"rendered":"Voltitag in Laichingen"},"content":{"rendered":"<div><a href=\"http:\/\/www.reiterverein-dettingen.de\/wp-content\/uploads\/2015\/06\/Volti-Logo-RVD.jpg\"><img loading=\"lazy\" decoding=\"async\" class=\"alignleft  wp-image-2388\" src=\"http:\/\/www.reiterverein-dettingen.de\/wp-content\/uploads\/2015\/06\/Volti-Logo-RVD-300x300.jpg\" alt=\"Volti-Logo-RVD\" width=\"212\" height=\"212\" srcset=\"https:\/\/www.reiterverein-dettingen.de\/wp-content\/uploads\/2015\/06\/Volti-Logo-RVD-300x300.jpg 300w, https:\/\/www.reiterverein-dettingen.de\/wp-content\/uploads\/2015\/06\/Volti-Logo-RVD-150x150.jpg 150w, https:\/\/www.reiterverein-dettingen.de\/wp-content\/uploads\/2015\/06\/Volti-Logo-RVD-1024x1024.jpg 1024w, https:\/\/www.reiterverein-dettingen.de\/wp-content\/uploads\/2015\/06\/Volti-Logo-RVD.jpg 1200w\" sizes=\"auto, (max-width: 212px) 100vw, 212px\" \/><\/a>Am\u00a0<a dir=\"ltr\" href=\"x-apple-data-detectors:\/\/0\">kommenden <span style=\"color: #ff0000;\">Sonntag<\/span><\/a><span style=\"color: #ff0000;\">, 18.10.,<\/span> nehmen 24 unserer Volti-M\u00e4dels am Voltitag in Laichingen teil und bestreiten dort ihre ersten Kost\u00fcm-K\u00fcren.<\/div>\n<div>Unsere drei Gruppen, jede nat\u00fcrlich mit einem eigenen Motto, starten\u00a0<span style=\"color: #ff0000;\"><a dir=\"ltr\" style=\"color: #ff0000;\" href=\"x-apple-data-detectors:\/\/1\">ab 11:25 Uhr<\/a>.<\/span><\/div>\n<div>Wir haben flei\u00dfig ge\u00fcbt und gebastelt und sind schon ganz aufgeregt!<\/div>\n<div>Wir w\u00fcrden uns rie\u00dfig \u00fcber einen gro\u00dfen &#8222;RVD Fan Club&#8220; freuen, also kommt uns doch besuchen!<\/div>\n<div><u>Organisatorisches:<\/u>\u00a0Treffpunkt zur<span style=\"color: #ff0000;\"> Abfahrt<\/span> ist um <span style=\"color: #ff0000;\">9 Uhr<\/span> an der <span style=\"color: #ff0000;\">Reithalle<\/span>, Ende wird gegen 13 Uhr sein!<\/div>\n<div>Eure Voltis<\/div>\n","protected":false},"excerpt":{"rendered":"<p>Am\u00a0kommenden Sonntag, 18.10., nehmen 24 unserer Volti-M\u00e4dels am Voltitag in Laichingen teil und bestreiten dort ihre ersten Kost\u00fcm-K\u00fcren. Unsere drei Gruppen, jede nat\u00fcrlich mit einem eigenen Motto, starten\u00a0ab 11:25 Uhr. Wir haben flei\u00dfig ge\u00fcbt und gebastelt und sind schon ganz aufgeregt! Wir w\u00fcrden uns rie\u00dfig \u00fcber einen gro\u00dfen &#8222;RVD Fan Club&#8220; freuen, also kommt uns doch besuchen! Organisatorisches:\u00a0Treffpunkt zur Abfahrt ist um 9 Uhr an der Reithalle, Ende wird gegen 13 Uhr sein! Eure Voltis<\/p>\n","protected":false},"author":4,"featured_media":0,"comment_status":"open","ping_status":"open","sticky":false,"template":"","format":"standard","meta":{"footnotes":""},"categories":[8,12,3,19,18],"tags":[],"class_list":["post-2603","post","type-post","status-publish","format-standard","hentry","category-c1-aktuelle-nachrichten","category-c31-allgemein","category-s1-news","category-c36-termine","category-c35-turniersport"],"_links":{"self":[{"href":"https:\/\/www.reiterverein-dettingen.de\/index.php?rest_route=\/wp\/v2\/posts\/2603","targetHints":{"allow":["GET"]}}],"collection":[{"href":"https:\/\/www.reiterverein-dettingen.de\/index.php?rest_route=\/wp\/v2\/posts"}],"about":[{"href":"https:\/\/www.reiterverein-dettingen.de\/index.php?rest_route=\/wp\/v2\/types\/post"}],"author":[{"embeddable":true,"href":"https:\/\/www.reiterverein-dettingen.de\/index.php?rest_route=\/wp\/v2\/users\/4"}],"replies":[{"embeddable":true,"href":"https:\/\/www.reiterverein-dettingen.de\/index.php?rest_route=%2Fwp%2Fv2%2Fcomments&post=2603"}],"version-history":[{"count":10,"href":"https:\/\/www.reiterverein-dettingen.de\/index.php?rest_route=\/wp\/v2\/posts\/2603\/revisions"}],"predecessor-version":[{"id":2613,"href":"https:\/\/www.reiterverein-dettingen.de\/index.php?rest_route=\/wp\/v2\/posts\/2603\/revisions\/2613"}],"wp:attachment":[{"href":"https:\/\/www.reiterverein-dettingen.de\/index.php?rest_route=%2Fwp%2Fv2%2Fmedia&parent=2603"}],"wp:term":[{"taxonomy":"category","embeddable":true,"href":"https:\/\/www.reiterverein-dettingen.de\/index.php?rest_route=%2Fwp%2Fv2%2Fcategories&post=2603"},{"taxonomy":"post_tag","embeddable":true,"href":"https:\/\/www.reiterverein-dettingen.de\/index.php?rest_route=%2Fwp%2Fv2%2Ftags&post=2603"}],"curies":[{"name":"wp","href":"https:\/\/api.w.org\/{rel}","templated":true}]}}