{"id":2655,"date":"2015-12-09T10:36:54","date_gmt":"2015-12-09T09:36:54","guid":{"rendered":"http:\/\/www.reiterverein-dettingen.de\/?p=2655"},"modified":"2016-01-24T15:38:46","modified_gmt":"2016-01-24T14:38:46","slug":"vorschau-dreikoenigsreiten-am-6-1-2016","status":"publish","type":"post","link":"https:\/\/www.reiterverein-dettingen.de\/?p=2655","title":{"rendered":"Vorschau &#8211; Dreik\u00f6nigsreiten am 6.1.2016"},"content":{"rendered":"<p><a href=\"http:\/\/www.reiterverein-dettingen.de\/wp-content\/uploads\/2013\/09\/Schild.png\"><img loading=\"lazy\" decoding=\"async\" class=\"alignleft wp-image-1417\" src=\"http:\/\/www.reiterverein-dettingen.de\/wp-content\/uploads\/2013\/09\/Schild.png\" alt=\"Schild\" width=\"134\" height=\"134\" \/><\/a>Liebe RVD-ler!<\/p>\n<p>Unser traditionelles Dreik\u00f6nigsreiten am 06.01. mit Neujahrssprung und verschiedenen Vorf\u00fchrungen findet im kommenden Jahr 2016 wieder statt. Wir werden um 10 Uhr mit dem Wei\u00dfwurstfr\u00fcht\u00fcck beginnen. Um 10.30 Uhr beginnen die Zwerge mit ihrer Vorf\u00fchrung, danach kommen die Voltis dran. Anschlie\u00dfend sehen wir evtl. eine M-Dressur und zum Schluss kommt noch der Neujahrssprung. Wie immer werdet ihr mit Getr\u00e4nken und Speisen versorgt. Diesen Termin bitte vormerken&#8230;!!!<\/p>\n<p>Wir freuen uns schon auf Euch im neuen Jahr!<\/p>\n<p>Euer St\u00fcbleswart Sandra mit Team<\/p>\n","protected":false},"excerpt":{"rendered":"<p>Liebe RVD-ler! Unser traditionelles Dreik\u00f6nigsreiten am 06.01. mit Neujahrssprung und verschiedenen Vorf\u00fchrungen findet im kommenden Jahr 2016 wieder statt. Wir werden um 10 Uhr mit dem Wei\u00dfwurstfr\u00fcht\u00fcck beginnen. Um 10.30 Uhr beginnen die Zwerge mit ihrer Vorf\u00fchrung, danach kommen die Voltis dran. Anschlie\u00dfend sehen wir evtl. eine M-Dressur und zum Schluss kommt noch der Neujahrssprung. Wie immer werdet ihr mit Getr\u00e4nken und Speisen versorgt. Diesen Termin bitte vormerken&#8230;!!! Wir freuen uns schon auf Euch im neuen Jahr! Euer St\u00fcbleswart Sandra mit Team<\/p>\n","protected":false},"author":4,"featured_media":0,"comment_status":"open","ping_status":"open","sticky":false,"template":"","format":"standard","meta":{"footnotes":""},"categories":[8,12,9,3,34,19],"tags":[],"class_list":["post-2655","post","type-post","status-publish","format-standard","hentry","category-c1-aktuelle-nachrichten","category-c31-allgemein","category-c3-kurzmeldungen","category-s1-news","category-reiterstuble","category-c36-termine"],"_links":{"self":[{"href":"https:\/\/www.reiterverein-dettingen.de\/index.php?rest_route=\/wp\/v2\/posts\/2655","targetHints":{"allow":["GET"]}}],"collection":[{"href":"https:\/\/www.reiterverein-dettingen.de\/index.php?rest_route=\/wp\/v2\/posts"}],"about":[{"href":"https:\/\/www.reiterverein-dettingen.de\/index.php?rest_route=\/wp\/v2\/types\/post"}],"author":[{"embeddable":true,"href":"https:\/\/www.reiterverein-dettingen.de\/index.php?rest_route=\/wp\/v2\/users\/4"}],"replies":[{"embeddable":true,"href":"https:\/\/www.reiterverein-dettingen.de\/index.php?rest_route=%2Fwp%2Fv2%2Fcomments&post=2655"}],"version-history":[{"count":5,"href":"https:\/\/www.reiterverein-dettingen.de\/index.php?rest_route=\/wp\/v2\/posts\/2655\/revisions"}],"predecessor-version":[{"id":2664,"href":"https:\/\/www.reiterverein-dettingen.de\/index.php?rest_route=\/wp\/v2\/posts\/2655\/revisions\/2664"}],"wp:attachment":[{"href":"https:\/\/www.reiterverein-dettingen.de\/index.php?rest_route=%2Fwp%2Fv2%2Fmedia&parent=2655"}],"wp:term":[{"taxonomy":"category","embeddable":true,"href":"https:\/\/www.reiterverein-dettingen.de\/index.php?rest_route=%2Fwp%2Fv2%2Fcategories&post=2655"},{"taxonomy":"post_tag","embeddable":true,"href":"https:\/\/www.reiterverein-dettingen.de\/index.php?rest_route=%2Fwp%2Fv2%2Ftags&post=2655"}],"curies":[{"name":"wp","href":"https:\/\/api.w.org\/{rel}","templated":true}]}}