{"id":2674,"date":"2016-02-15T19:35:50","date_gmt":"2016-02-15T18:35:50","guid":{"rendered":"http:\/\/www.reiterverein-dettingen.de\/?p=2674"},"modified":"2016-11-21T15:51:48","modified_gmt":"2016-11-21T14:51:48","slug":"schlachtfest-am-sonntag-06-03-2016","status":"publish","type":"post","link":"https:\/\/www.reiterverein-dettingen.de\/?p=2674","title":{"rendered":"Schlachtfest am Sonntag, 06.03.2016"},"content":{"rendered":"<div class=\"\">\n<div><img loading=\"lazy\" decoding=\"async\" class=\"alignleft size-full wp-image-1417\" src=\"http:\/\/www.reiterverein-dettingen.de\/wp-content\/uploads\/2013\/09\/Schild.png\" alt=\"Schild\" width=\"150\" height=\"150\" \/><\/div>\n<div><span style=\"font-family: 'Arial Rounded MT Bold';\">Liebe RVD-ler!<\/span><\/div>\n<div><span style=\"font-family: 'Arial Rounded MT Bold';\">Wie immer findet auch dieses Jahr Anfang M\u00e4rz unser Schlacht- und Schnitzelfest statt. Wir brauchen flei\u00dfige Helfer beim Auf- und Abbau, Bedienungen f\u00fcr Essen, Kaffee und Kuchen, Kassierer, Ausschank und Helfer am Getr\u00e4nkewagen, Jugendliche oder Kids als Zetteltr\u00e4ger\u2026f\u00fcr jeden ist was dabei. Wer sich also einbringen m\u00f6chte meldet sich bit<span style=\"font-family: 'Arial Rounded MT Bold';\">te unter\u00a0<span style=\"color: #993366;\"><a class=\"\" style=\"color: #993366;\" href=\"mailto:frank@reiterverein-dettingen.de\">frank@reiterverein-dettingen.de<\/a><\/span>. Bitte teilt auch mit, in welchem Bereich ihr t\u00e4tig sein m\u00f6chtet, Frank wird das dann entsprechend an die Organisatoren verteilen. Ebenso ben\u00f6tigen wir nat\u00fcrlich viele leckere, selbstgebackene Kuchen und Torten, die ihr bitte am Sonntag Vormittag in euren mit Namen versehenen Kuchenbeh\u00e4ltern in der Lindenhalle abgebt. Die Liste zum Eintragen h\u00e4ngt in der Reithalle aus oder ihr meldet euch direkt bei\u00a0<\/span><span class=\"\"><span style=\"font-family: 'Arial Rounded MT Bold';\">Martina Sommer, Handy 0176-43023981,\u00a0<span style=\"color: #993366;\"><a class=\"\" style=\"color: #993366;\" href=\"mailto:sommer.ortlieb@t-online.de\">sommer.ortlieb@t-online.de<\/a><\/span>\u00a0<\/span><\/span><span class=\"\">oder Eva Ensminger, Handy 0176-72242074,\u00a0<\/span><span style=\"color: #993366;\"><a class=\"\" style=\"color: #993366;\" href=\"mailto:eva.ensminger@googlemail.com\">eva.ensminger@googlemail.com<\/a><\/span><\/span><\/div>\n<div><span style=\"font-family: 'Arial Rounded MT Bold';\">Denkt immer bitte daran&#8230;je mehr helfende H\u00e4nde, desto erfolgreicher und leichter bew\u00e4ltigen wir eine solche Veranstaltung. Vielen Dank im Voraus!<\/span><\/div>\n<div><span style=\"font-family: 'Arial Rounded MT Bold';\">Euer Vorstand und Ausschuss<\/span><\/div>\n<\/div>\n","protected":false},"excerpt":{"rendered":"<p>Liebe RVD-ler! Wie immer findet auch dieses Jahr Anfang M\u00e4rz unser Schlacht- und Schnitzelfest statt. Wir brauchen flei\u00dfige Helfer beim Auf- und Abbau, Bedienungen f\u00fcr Essen, Kaffee und Kuchen, Kassierer, Ausschank und Helfer am Getr\u00e4nkewagen, Jugendliche oder Kids als Zetteltr\u00e4ger\u2026f\u00fcr jeden ist was dabei. Wer sich also einbringen m\u00f6chte meldet sich bitte unter\u00a0frank@reiterverein-dettingen.de. Bitte teilt auch mit, in welchem Bereich ihr t\u00e4tig sein m\u00f6chtet, Frank wird das dann entsprechend an die Organisatoren verteilen. Ebenso ben\u00f6tigen wir nat\u00fcrlich viele leckere, selbstgebackene Kuchen und Torten, die ihr bitte am Sonntag Vormittag in euren mit Namen versehenen Kuchenbeh\u00e4ltern in der Lindenhalle abgebt. Die Liste zum Eintragen h\u00e4ngt in der Reithalle aus oder ihr meldet euch direkt bei\u00a0Martina Sommer, Handy 0176-43023981,\u00a0sommer.ortlieb@t-online.de\u00a0oder Eva Ensminger, Handy 0176-72242074,\u00a0eva.ensminger@googlemail.com Denkt immer bitte daran&#8230;je mehr helfende H\u00e4nde, desto erfolgreicher und leichter bew\u00e4ltigen wir eine solche Veranstaltung. Vielen Dank im Voraus! Euer Vorstand und Ausschuss<\/p>\n","protected":false},"author":4,"featured_media":0,"comment_status":"open","ping_status":"open","sticky":false,"template":"","format":"standard","meta":{"footnotes":""},"categories":[8,12,3,19],"tags":[],"class_list":["post-2674","post","type-post","status-publish","format-standard","hentry","category-c1-aktuelle-nachrichten","category-c31-allgemein","category-s1-news","category-c36-termine"],"_links":{"self":[{"href":"https:\/\/www.reiterverein-dettingen.de\/index.php?rest_route=\/wp\/v2\/posts\/2674","targetHints":{"allow":["GET"]}}],"collection":[{"href":"https:\/\/www.reiterverein-dettingen.de\/index.php?rest_route=\/wp\/v2\/posts"}],"about":[{"href":"https:\/\/www.reiterverein-dettingen.de\/index.php?rest_route=\/wp\/v2\/types\/post"}],"author":[{"embeddable":true,"href":"https:\/\/www.reiterverein-dettingen.de\/index.php?rest_route=\/wp\/v2\/users\/4"}],"replies":[{"embeddable":true,"href":"https:\/\/www.reiterverein-dettingen.de\/index.php?rest_route=%2Fwp%2Fv2%2Fcomments&post=2674"}],"version-history":[{"count":6,"href":"https:\/\/www.reiterverein-dettingen.de\/index.php?rest_route=\/wp\/v2\/posts\/2674\/revisions"}],"predecessor-version":[{"id":2767,"href":"https:\/\/www.reiterverein-dettingen.de\/index.php?rest_route=\/wp\/v2\/posts\/2674\/revisions\/2767"}],"wp:attachment":[{"href":"https:\/\/www.reiterverein-dettingen.de\/index.php?rest_route=%2Fwp%2Fv2%2Fmedia&parent=2674"}],"wp:term":[{"taxonomy":"category","embeddable":true,"href":"https:\/\/www.reiterverein-dettingen.de\/index.php?rest_route=%2Fwp%2Fv2%2Fcategories&post=2674"},{"taxonomy":"post_tag","embeddable":true,"href":"https:\/\/www.reiterverein-dettingen.de\/index.php?rest_route=%2Fwp%2Fv2%2Ftags&post=2674"}],"curies":[{"name":"wp","href":"https:\/\/api.w.org\/{rel}","templated":true}]}}