{"id":2685,"date":"2016-03-29T13:00:23","date_gmt":"2016-03-29T11:00:23","guid":{"rendered":"http:\/\/www.reiterverein-dettingen.de\/?p=2685"},"modified":"2016-04-01T19:33:50","modified_gmt":"2016-04-01T17:33:50","slug":"einladung-zur-mitgliederversammlung-am-freitag-den-15-april-2016-19-30-uhr-im-reiterstueble","status":"publish","type":"post","link":"https:\/\/www.reiterverein-dettingen.de\/?p=2685","title":{"rendered":"Einladung zur Mitgliederversammlung am Freitag, den 15. April 2016 \u2013 19.30 Uhr im Reiterst\u00fcble"},"content":{"rendered":"<p>Liebe Vereinsmitglieder,<\/p>\n<p>hiermit m\u00f6chte ich Euch ganz herzlich zu unserer ordentlichen Mitgliederversammlung am\u00a0Freitag, den 15. April 2016 um 19:30 Uhr ins Reiterst\u00fcble einladen.<\/p>\n<p>Die Tagesordnung umfasst folgende Punkte:<\/p>\n<ol>\n<li>Begr\u00fc\u00dfung<\/li>\n<li>Bericht des Vorstandes<\/li>\n<li>Finanzbericht<\/li>\n<li>Pr\u00fcfbericht Kasse<\/li>\n<li>Entlastungen (Kassier\/Vorstand\/Ausschuss)<\/li>\n<li>Wahlen<\/li>\n<li>Ehrungen<\/li>\n<li>Termine \/ Veranstaltungen 2016<\/li>\n<li>Antr\u00e4ge der Mitglieder<\/li>\n<\/ol>\n<p>Antr\u00e4ge auf Erg\u00e4nzungen der Tagesordnung m\u00fcssen bis eine Woche vor der Versammlung\u00a0schriftlich beim 1. Vorstand eingereicht werden (\u00a7 9 Abs. 3 der Satzung).<\/p>\n<p>Um zahlreiches und p\u00fcnktliches Erscheinen wird gebeten.<\/p>\n<p>Mit freundlichen Reitergr\u00fc\u00dfen<\/p>\n<p>Martin Klein<\/p>\n<p>1.Vorsitzender Vorstand RVD<\/p>\n","protected":false},"excerpt":{"rendered":"<p>Liebe Vereinsmitglieder, hiermit m\u00f6chte ich Euch ganz herzlich zu unserer ordentlichen Mitgliederversammlung am\u00a0Freitag, den 15. April 2016 um 19:30 Uhr ins Reiterst\u00fcble einladen. Die Tagesordnung umfasst folgende Punkte: Begr\u00fc\u00dfung Bericht des Vorstandes Finanzbericht Pr\u00fcfbericht Kasse Entlastungen (Kassier\/Vorstand\/Ausschuss) Wahlen Ehrungen Termine \/ Veranstaltungen 2016 Antr\u00e4ge der Mitglieder Antr\u00e4ge auf Erg\u00e4nzungen der Tagesordnung m\u00fcssen bis eine Woche vor der Versammlung\u00a0schriftlich beim 1. Vorstand eingereicht werden (\u00a7 9 Abs. 3 der Satzung). Um zahlreiches und p\u00fcnktliches Erscheinen wird gebeten. Mit freundlichen Reitergr\u00fc\u00dfen Martin Klein 1.Vorsitzender Vorstand RVD<\/p>\n","protected":false},"author":3,"featured_media":0,"comment_status":"closed","ping_status":"closed","sticky":false,"template":"","format":"standard","meta":{"footnotes":""},"categories":[12,19],"tags":[],"class_list":["post-2685","post","type-post","status-publish","format-standard","hentry","category-c31-allgemein","category-c36-termine"],"_links":{"self":[{"href":"https:\/\/www.reiterverein-dettingen.de\/index.php?rest_route=\/wp\/v2\/posts\/2685","targetHints":{"allow":["GET"]}}],"collection":[{"href":"https:\/\/www.reiterverein-dettingen.de\/index.php?rest_route=\/wp\/v2\/posts"}],"about":[{"href":"https:\/\/www.reiterverein-dettingen.de\/index.php?rest_route=\/wp\/v2\/types\/post"}],"author":[{"embeddable":true,"href":"https:\/\/www.reiterverein-dettingen.de\/index.php?rest_route=\/wp\/v2\/users\/3"}],"replies":[{"embeddable":true,"href":"https:\/\/www.reiterverein-dettingen.de\/index.php?rest_route=%2Fwp%2Fv2%2Fcomments&post=2685"}],"version-history":[{"count":3,"href":"https:\/\/www.reiterverein-dettingen.de\/index.php?rest_route=\/wp\/v2\/posts\/2685\/revisions"}],"predecessor-version":[{"id":2688,"href":"https:\/\/www.reiterverein-dettingen.de\/index.php?rest_route=\/wp\/v2\/posts\/2685\/revisions\/2688"}],"wp:attachment":[{"href":"https:\/\/www.reiterverein-dettingen.de\/index.php?rest_route=%2Fwp%2Fv2%2Fmedia&parent=2685"}],"wp:term":[{"taxonomy":"category","embeddable":true,"href":"https:\/\/www.reiterverein-dettingen.de\/index.php?rest_route=%2Fwp%2Fv2%2Fcategories&post=2685"},{"taxonomy":"post_tag","embeddable":true,"href":"https:\/\/www.reiterverein-dettingen.de\/index.php?rest_route=%2Fwp%2Fv2%2Ftags&post=2685"}],"curies":[{"name":"wp","href":"https:\/\/api.w.org\/{rel}","templated":true}]}}