{"id":2694,"date":"2016-04-05T14:07:36","date_gmt":"2016-04-05T12:07:36","guid":{"rendered":"http:\/\/www.reiterverein-dettingen.de\/?p=2694"},"modified":"2016-04-05T14:07:36","modified_gmt":"2016-04-05T12:07:36","slug":"wichtig-arbeitsdienst-samstag","status":"publish","type":"post","link":"https:\/\/www.reiterverein-dettingen.de\/?p=2694","title":{"rendered":"Wichtig Arbeitsdienst Samstag!"},"content":{"rendered":"<h2>Arbeitsdienst am Samstag, 9.4.16 &#8211; 9 Uhr!<\/h2>\n<p>Wir machen am Samstag kurzfristig einen Arbeitsdienst auf unserer Anlage zur Vorbereitung der Au\u00dfenplatzsanierung und Bodenverlegung in den Aufenthaltsr\u00e4umen. Ebenso sollten dort die W\u00e4nde gestrichen werden. Liebe RVD-ler&#8230;ihr seht, es gibt viel zu tun. Packen wir&#8217;s an!<br \/>\nWir bitten um zahlreiches Erscheinen!<br \/>\nEuer Vorstand und Ausschuss<\/p>\n","protected":false},"excerpt":{"rendered":"<p>Arbeitsdienst am Samstag, 9.4.16 &#8211; 9 Uhr! Wir machen am Samstag kurzfristig einen Arbeitsdienst auf unserer Anlage zur Vorbereitung der Au\u00dfenplatzsanierung und Bodenverlegung in den Aufenthaltsr\u00e4umen. Ebenso sollten dort die W\u00e4nde gestrichen werden. Liebe RVD-ler&#8230;ihr seht, es gibt viel zu tun. Packen wir&#8217;s an! Wir bitten um zahlreiches Erscheinen! Euer Vorstand und Ausschuss<\/p>\n","protected":false},"author":3,"featured_media":1417,"comment_status":"closed","ping_status":"closed","sticky":false,"template":"","format":"standard","meta":{"footnotes":""},"categories":[12],"tags":[],"class_list":["post-2694","post","type-post","status-publish","format-standard","has-post-thumbnail","hentry","category-c31-allgemein"],"_links":{"self":[{"href":"https:\/\/www.reiterverein-dettingen.de\/index.php?rest_route=\/wp\/v2\/posts\/2694","targetHints":{"allow":["GET"]}}],"collection":[{"href":"https:\/\/www.reiterverein-dettingen.de\/index.php?rest_route=\/wp\/v2\/posts"}],"about":[{"href":"https:\/\/www.reiterverein-dettingen.de\/index.php?rest_route=\/wp\/v2\/types\/post"}],"author":[{"embeddable":true,"href":"https:\/\/www.reiterverein-dettingen.de\/index.php?rest_route=\/wp\/v2\/users\/3"}],"replies":[{"embeddable":true,"href":"https:\/\/www.reiterverein-dettingen.de\/index.php?rest_route=%2Fwp%2Fv2%2Fcomments&post=2694"}],"version-history":[{"count":1,"href":"https:\/\/www.reiterverein-dettingen.de\/index.php?rest_route=\/wp\/v2\/posts\/2694\/revisions"}],"predecessor-version":[{"id":2695,"href":"https:\/\/www.reiterverein-dettingen.de\/index.php?rest_route=\/wp\/v2\/posts\/2694\/revisions\/2695"}],"wp:featuredmedia":[{"embeddable":true,"href":"https:\/\/www.reiterverein-dettingen.de\/index.php?rest_route=\/wp\/v2\/media\/1417"}],"wp:attachment":[{"href":"https:\/\/www.reiterverein-dettingen.de\/index.php?rest_route=%2Fwp%2Fv2%2Fmedia&parent=2694"}],"wp:term":[{"taxonomy":"category","embeddable":true,"href":"https:\/\/www.reiterverein-dettingen.de\/index.php?rest_route=%2Fwp%2Fv2%2Fcategories&post=2694"},{"taxonomy":"post_tag","embeddable":true,"href":"https:\/\/www.reiterverein-dettingen.de\/index.php?rest_route=%2Fwp%2Fv2%2Ftags&post=2694"}],"curies":[{"name":"wp","href":"https:\/\/api.w.org\/{rel}","templated":true}]}}