{"id":2698,"date":"2016-02-28T20:03:14","date_gmt":"2016-02-28T19:03:14","guid":{"rendered":"http:\/\/www.reiterverein-dettingen.de\/?p=2698"},"modified":"2016-04-11T20:12:57","modified_gmt":"2016-04-11T18:12:57","slug":"turnier-auf-der-reitanlage-karle-in-dettingen","status":"publish","type":"post","link":"https:\/\/www.reiterverein-dettingen.de\/?p=2698","title":{"rendered":"Turnier auf der Reitanlage &#8222;Karle&#8220; in Dettingen"},"content":{"rendered":"<h2>Turniere im Februar auf der Reitanlage Karle in Dettingen<\/h2>\n<p>Die Geschwister Hummel und Klusik gingen bei den Late Entrys\u00a0zum ersten Formtest an den Start. Hierbei wurden zum Saisonauftakt<a href=\"http:\/\/www.reiterverein-dettingen.de\/wp-content\/uploads\/2016\/02\/IMG_2536.jpg\"><img loading=\"lazy\" decoding=\"async\" class=\"alignright size-medium wp-image-2702\" src=\"http:\/\/www.reiterverein-dettingen.de\/wp-content\/uploads\/2016\/02\/IMG_2536-169x300.jpg\" alt=\"IMG_2536\" width=\"169\" height=\"300\" srcset=\"https:\/\/www.reiterverein-dettingen.de\/wp-content\/uploads\/2016\/02\/IMG_2536-169x300.jpg 169w, https:\/\/www.reiterverein-dettingen.de\/wp-content\/uploads\/2016\/02\/IMG_2536-576x1024.jpg 576w, https:\/\/www.reiterverein-dettingen.de\/wp-content\/uploads\/2016\/02\/IMG_2536.jpg 750w\" sizes=\"auto, (max-width: 169px) 100vw, 169px\" \/><\/a><\/p>\n<p>bereits ordentliche Ergebnisse und Platzierungen erzielt.<\/p>\n<p>Carina holte sich mit der Traumnote 8,0 den Sieg und Catharina\u00a0konnte sich bei ihrem ersten Start in einer M-Dressur\u00a0gleich eine Platzierung erreiten!<\/p>\n<p><strong>Dressurpr\u00fcfung Kl. M*<\/strong><\/p>\n<p style=\"padding-left: 30px;\">1. Platz Carina Hummel mit Bijou<\/p>\n<p style=\"padding-left: 30px;\">10. Platz Catharina Hummel mit Finale Grande<\/p>\n<p><strong>Springpr\u00fcfung Kl. L<\/strong><\/p>\n<p style=\"padding-left: 30px;\">11. Platz Mareike Klusik mit Kiss me<\/p>\n<p><strong>Stilspringpr\u00fcfung Kl. L<\/strong><\/p>\n<p style=\"padding-left: 30px;\">Melanie und Chiara mussten sich trotz guter Note wegen eines\u00a0Abwurfes leider mit dem ersten Reserveplatz begn\u00fcgen.<\/p>\n","protected":false},"excerpt":{"rendered":"<p>Turniere im Februar auf der Reitanlage Karle in Dettingen Die Geschwister Hummel und Klusik gingen bei den Late Entrys\u00a0zum ersten Formtest an den Start. Hierbei wurden zum Saisonauftakt bereits ordentliche Ergebnisse und Platzierungen erzielt. Carina holte sich mit der Traumnote 8,0 den Sieg und Catharina\u00a0konnte sich bei ihrem ersten Start in einer M-Dressur\u00a0gleich eine Platzierung erreiten! Dressurpr\u00fcfung Kl. M* 1. Platz Carina Hummel mit Bijou 10. Platz Catharina Hummel mit Finale Grande Springpr\u00fcfung Kl. L 11. Platz Mareike Klusik mit Kiss me Stilspringpr\u00fcfung Kl. L Melanie und Chiara mussten sich trotz guter Note wegen eines\u00a0Abwurfes leider mit dem ersten Reserveplatz begn\u00fcgen.<\/p>\n","protected":false},"author":3,"featured_media":0,"comment_status":"closed","ping_status":"closed","sticky":false,"template":"","format":"standard","meta":{"footnotes":""},"categories":[12],"tags":[],"class_list":["post-2698","post","type-post","status-publish","format-standard","hentry","category-c31-allgemein"],"_links":{"self":[{"href":"https:\/\/www.reiterverein-dettingen.de\/index.php?rest_route=\/wp\/v2\/posts\/2698","targetHints":{"allow":["GET"]}}],"collection":[{"href":"https:\/\/www.reiterverein-dettingen.de\/index.php?rest_route=\/wp\/v2\/posts"}],"about":[{"href":"https:\/\/www.reiterverein-dettingen.de\/index.php?rest_route=\/wp\/v2\/types\/post"}],"author":[{"embeddable":true,"href":"https:\/\/www.reiterverein-dettingen.de\/index.php?rest_route=\/wp\/v2\/users\/3"}],"replies":[{"embeddable":true,"href":"https:\/\/www.reiterverein-dettingen.de\/index.php?rest_route=%2Fwp%2Fv2%2Fcomments&post=2698"}],"version-history":[{"count":2,"href":"https:\/\/www.reiterverein-dettingen.de\/index.php?rest_route=\/wp\/v2\/posts\/2698\/revisions"}],"predecessor-version":[{"id":2703,"href":"https:\/\/www.reiterverein-dettingen.de\/index.php?rest_route=\/wp\/v2\/posts\/2698\/revisions\/2703"}],"wp:attachment":[{"href":"https:\/\/www.reiterverein-dettingen.de\/index.php?rest_route=%2Fwp%2Fv2%2Fmedia&parent=2698"}],"wp:term":[{"taxonomy":"category","embeddable":true,"href":"https:\/\/www.reiterverein-dettingen.de\/index.php?rest_route=%2Fwp%2Fv2%2Fcategories&post=2698"},{"taxonomy":"post_tag","embeddable":true,"href":"https:\/\/www.reiterverein-dettingen.de\/index.php?rest_route=%2Fwp%2Fv2%2Ftags&post=2698"}],"curies":[{"name":"wp","href":"https:\/\/api.w.org\/{rel}","templated":true}]}}