{"id":3302,"date":"2017-05-22T21:56:22","date_gmt":"2017-05-22T19:56:22","guid":{"rendered":"http:\/\/www.reiterverein-dettingen.de\/?p=3302"},"modified":"2017-05-22T21:58:10","modified_gmt":"2017-05-22T19:58:10","slug":"3302","status":"publish","type":"post","link":"https:\/\/www.reiterverein-dettingen.de\/?p=3302","title":{"rendered":"Turnierausfahrt der Vereinsjugend nach Sontheim\/Brenz und Turnierergebnisse der letzten Woche"},"content":{"rendered":"<p><strong><u>Vereinsjugend geht auf Turnierausfahrt<\/u><\/strong><\/p>\n<p>Am kommenden Samstag startet unsere RVD-Jugend mit den Vereinspferden beim Jugendturnier in Sontheim!<\/p>\n<p>Es haben sich 15 Reiterinnen im Alter von 4\u201315 Jahren f\u00fcr Pr\u00fcfungen vom F\u00fchrz\u00fcgel-Wettbewerb (13.45 Uhr) und Reiter-Wettbewerb (12.30 Uhr) bis hin zur E-Dressur angemeldet (8.00 Uhr).<\/p>\n<p>Der Jugendausschuss um Jenny Dangel und Melanie Klusik begleitet die Gruppe bei den Vorbereitungen und ist nat\u00fcrlich auch zur moralischen und tatkr\u00e4ftigen Unterst\u00fctzung mit vor Ort.<\/p>\n<p>Der RVD w\u00fcnscht den jungen Turnierreiterinnen und f\u00fcnf Vereinspferden viel Spa\u00df und richtig viel Gl\u00fcck bei ihren Pr\u00fcfungen!<\/p>\n<p>&nbsp;<\/p>\n<p><strong><u>Ergebnisse der letzten Woche<\/u><\/strong><\/p>\n<p>Carina Hummel konnte sich mit ihrem Hengst Dior beim Jungpferdetag in Marbach die erste Schleife sichern. Das Paar erreichte in einer Reitpferdepr\u00fcfung f\u00fcr 3-J\u00e4hrige einen guten 3. Platz!<\/p>\n<p>Catharina Hummel war in M\u00fcnsingen wieder mit ihren beiden Pferden erfolgreich! Sie erritt sich in einer Dressurpr\u00fcfung der Klasse M* mit El-Sombrero erneut den 3. und mit Finale Grande den 5. Rang.<\/p>\n<p>Melanie und Mareike Klusik starteten in Ilsfeld im L- und M-Springen. Beide Paare in letzter Zeit immer z\u00fcgig unterwegs, waren auf dem selten gewordenen Grasplatz etwas zu verhalten.<\/p>\n<p>Trotzdem durften sie sich dann beide \u00fcber eine Platzierung freuen\u2026 in der Springpr\u00fcfung der Klasse L wurde Melanie mit Chiara 4. und Mareike mit Kiss me 5.<\/p>\n<p>&nbsp;<\/p>\n<p>Herzlichen Gl\u00fcckwunsch f\u00fcr die Erfolge!<\/p>\n","protected":false},"excerpt":{"rendered":"<p>Vereinsjugend geht auf Turnierausfahrt Am kommenden Samstag startet unsere RVD-Jugend mit den Vereinspferden beim Jugendturnier in Sontheim! Es haben sich 15 Reiterinnen im Alter von 4\u201315 Jahren f\u00fcr Pr\u00fcfungen vom F\u00fchrz\u00fcgel-Wettbewerb (13.45 Uhr) und Reiter-Wettbewerb (12.30 Uhr) bis hin zur E-Dressur angemeldet (8.00 Uhr). Der Jugendausschuss um Jenny Dangel und Melanie Klusik begleitet die Gruppe bei den Vorbereitungen und ist nat\u00fcrlich auch zur moralischen und tatkr\u00e4ftigen Unterst\u00fctzung mit vor Ort. Der RVD w\u00fcnscht den jungen Turnierreiterinnen und f\u00fcnf Vereinspferden viel Spa\u00df und richtig viel Gl\u00fcck bei ihren Pr\u00fcfungen! &nbsp; Ergebnisse der letzten Woche Carina Hummel konnte sich mit ihrem Hengst Dior beim Jungpferdetag in Marbach die erste Schleife sichern. Das Paar erreichte in einer Reitpferdepr\u00fcfung f\u00fcr 3-J\u00e4hrige einen guten 3. Platz! Catharina Hummel war in M\u00fcnsingen wieder mit ihren beiden Pferden erfolgreich! Sie erritt sich in einer Dressurpr\u00fcfung der Klasse M* mit El-Sombrero erneut den 3. und mit Finale Grande den 5. Rang. Melanie und Mareike Klusik starteten in Ilsfeld im L- und M-Springen. Beide Paare in letzter Zeit immer z\u00fcgig unterwegs, waren auf dem selten gewordenen Grasplatz etwas zu verhalten. Trotzdem durften sie sich dann beide \u00fcber eine Platzierung freuen\u2026 in der Springpr\u00fcfung der Klasse L wurde Melanie mit Chiara 4. und Mareike mit Kiss me 5. &nbsp; Herzlichen Gl\u00fcckwunsch f\u00fcr die Erfolge!<\/p>\n","protected":false},"author":188,"featured_media":0,"comment_status":"open","ping_status":"open","sticky":false,"template":"","format":"standard","meta":{"footnotes":""},"categories":[12],"tags":[],"class_list":["post-3302","post","type-post","status-publish","format-standard","hentry","category-c31-allgemein"],"_links":{"self":[{"href":"https:\/\/www.reiterverein-dettingen.de\/index.php?rest_route=\/wp\/v2\/posts\/3302","targetHints":{"allow":["GET"]}}],"collection":[{"href":"https:\/\/www.reiterverein-dettingen.de\/index.php?rest_route=\/wp\/v2\/posts"}],"about":[{"href":"https:\/\/www.reiterverein-dettingen.de\/index.php?rest_route=\/wp\/v2\/types\/post"}],"author":[{"embeddable":true,"href":"https:\/\/www.reiterverein-dettingen.de\/index.php?rest_route=\/wp\/v2\/users\/188"}],"replies":[{"embeddable":true,"href":"https:\/\/www.reiterverein-dettingen.de\/index.php?rest_route=%2Fwp%2Fv2%2Fcomments&post=3302"}],"version-history":[{"count":4,"href":"https:\/\/www.reiterverein-dettingen.de\/index.php?rest_route=\/wp\/v2\/posts\/3302\/revisions"}],"predecessor-version":[{"id":3306,"href":"https:\/\/www.reiterverein-dettingen.de\/index.php?rest_route=\/wp\/v2\/posts\/3302\/revisions\/3306"}],"wp:attachment":[{"href":"https:\/\/www.reiterverein-dettingen.de\/index.php?rest_route=%2Fwp%2Fv2%2Fmedia&parent=3302"}],"wp:term":[{"taxonomy":"category","embeddable":true,"href":"https:\/\/www.reiterverein-dettingen.de\/index.php?rest_route=%2Fwp%2Fv2%2Fcategories&post=3302"},{"taxonomy":"post_tag","embeddable":true,"href":"https:\/\/www.reiterverein-dettingen.de\/index.php?rest_route=%2Fwp%2Fv2%2Ftags&post=3302"}],"curies":[{"name":"wp","href":"https:\/\/api.w.org\/{rel}","templated":true}]}}