{"id":4070,"date":"2020-11-02T18:29:02","date_gmt":"2020-11-02T17:29:02","guid":{"rendered":"https:\/\/www.reiterverein-dettingen.de\/?p=4070"},"modified":"2020-11-02T18:29:02","modified_gmt":"2020-11-02T17:29:02","slug":"reitbetrieb-ab-2-november-2020","status":"publish","type":"post","link":"https:\/\/www.reiterverein-dettingen.de\/?p=4070","title":{"rendered":"Reitbetrieb ab 2. November 2020"},"content":{"rendered":"<p>Gem\u00e4\u00df der ab heute g\u00fcltigen Corona-Verordnung der Landesregierung von Baden-W\u00fcrttemberg gelten ab sofort die hier <a href=\"https:\/\/www.reiterverein-dettingen.de\/wp-content\/uploads\/2020\/11\/Reitbetrieb-ab-November-2020.pdf\">Reitbetrieb ab November 2020<\/a> aufgef\u00fchrten Regelungen.<\/p>\n<p>Wir bitten um Beachtung und rufen alle zur konstruktiven Mithilfe in der aktuellen Krisensituation auf.<\/p>\n","protected":false},"excerpt":{"rendered":"<p>Gem\u00e4\u00df der ab heute g\u00fcltigen Corona-Verordnung der Landesregierung von Baden-W\u00fcrttemberg gelten ab sofort die hier Reitbetrieb ab November 2020 aufgef\u00fchrten Regelungen. Wir bitten um Beachtung und rufen alle zur konstruktiven Mithilfe in der aktuellen Krisensituation auf.<\/p>\n","protected":false},"author":5,"featured_media":0,"comment_status":"closed","ping_status":"open","sticky":false,"template":"","format":"standard","meta":{"footnotes":""},"categories":[8,12,3,15,17,5,6],"tags":[],"class_list":["post-4070","post","type-post","status-publish","format-standard","hentry","category-c1-aktuelle-nachrichten","category-c31-allgemein","category-s1-news","category-c25-reitanlage","category-c34-reitbetrieb","category-s4-ueber-rvd","category-s5-waslaeuft"],"_links":{"self":[{"href":"https:\/\/www.reiterverein-dettingen.de\/index.php?rest_route=\/wp\/v2\/posts\/4070","targetHints":{"allow":["GET"]}}],"collection":[{"href":"https:\/\/www.reiterverein-dettingen.de\/index.php?rest_route=\/wp\/v2\/posts"}],"about":[{"href":"https:\/\/www.reiterverein-dettingen.de\/index.php?rest_route=\/wp\/v2\/types\/post"}],"author":[{"embeddable":true,"href":"https:\/\/www.reiterverein-dettingen.de\/index.php?rest_route=\/wp\/v2\/users\/5"}],"replies":[{"embeddable":true,"href":"https:\/\/www.reiterverein-dettingen.de\/index.php?rest_route=%2Fwp%2Fv2%2Fcomments&post=4070"}],"version-history":[{"count":1,"href":"https:\/\/www.reiterverein-dettingen.de\/index.php?rest_route=\/wp\/v2\/posts\/4070\/revisions"}],"predecessor-version":[{"id":4072,"href":"https:\/\/www.reiterverein-dettingen.de\/index.php?rest_route=\/wp\/v2\/posts\/4070\/revisions\/4072"}],"wp:attachment":[{"href":"https:\/\/www.reiterverein-dettingen.de\/index.php?rest_route=%2Fwp%2Fv2%2Fmedia&parent=4070"}],"wp:term":[{"taxonomy":"category","embeddable":true,"href":"https:\/\/www.reiterverein-dettingen.de\/index.php?rest_route=%2Fwp%2Fv2%2Fcategories&post=4070"},{"taxonomy":"post_tag","embeddable":true,"href":"https:\/\/www.reiterverein-dettingen.de\/index.php?rest_route=%2Fwp%2Fv2%2Ftags&post=4070"}],"curies":[{"name":"wp","href":"https:\/\/api.w.org\/{rel}","templated":true}]}}