{"id":4076,"date":"2020-12-17T19:36:39","date_gmt":"2020-12-17T18:36:39","guid":{"rendered":"https:\/\/www.reiterverein-dettingen.de\/?p=4076"},"modified":"2020-12-17T19:42:31","modified_gmt":"2020-12-17T18:42:31","slug":"reitbetrieb-ab-16-12-2020","status":"publish","type":"post","link":"https:\/\/www.reiterverein-dettingen.de\/?p=4076","title":{"rendered":"Reitbetrieb ab 16.12.2020"},"content":{"rendered":"<p>Aufgrund der neuesten Corona-Verordnung des Landes Baden-W\u00fcrttemberg d\u00fcrfen wir unseren Reitbetrieb auch in der bisherigen, bereits stark eingeschr\u00e4nkten Form nicht mehr weiterf\u00fchren und m\u00fcssen auf Notfallbetrieb umstellen. Der Pferdesportverband Baden- W\u00fcrttemberg hat bei den zust\u00e4ndigen Ministerien nach den genauen Regelungen f\u00fcr Reitvereine nachgefragt und die Antwort unter folgendem Link ver\u00f6ffentlicht:<br \/>\n<a href=\"https:\/\/www.pferdesport-bw.de\/newsleser\/items\/wichtiger-hinweis-zur-neusten-corona-verordnung.html\">https:\/\/www.pferdesport-bw.de\/newsleser\/items\/wichtiger-hinweis-zur-neusten-corona-verordnung.html<\/a><\/p>\n<p><strong>Zus\u00e4tzlich zu den bereits bestehenden Regelungen gelten daher ab 16.12.2020 bis mindestens 10. Januar 2021 auf unserer Reitanlage folgende Sofortma\u00dfnahmen:<\/strong><\/p>\n<ol>\n<li>S\u00e4mtliche Reitstunden einschlie\u00dflich Einzelunterricht, Longierstunden, Zwergenreiten, Voltigieren und Springstunde werden abgesagt.<\/li>\n<li>Jedes Pferd darf maximal eine Stunde pro Tag in der Halle und\/oder auf dem Platz bewegt werden.<\/li>\n<li>In der Halle (800 qm) sind maximal drei Pferde\/Reiter gleichzeitig erlaubt. Reiten Kinder und Jugendliche, ist maximal eine weitere Person aus dem Haushalt eines reitenden Kindes\/Jugendlichen zur Aufsicht erlaubt. Zuschauer sind nicht erlaubt.<\/li>\n<li>Sobald sich mehr als zwei Pferde\/Reiter in der Halle befinden, sind das Kippfenster auf der Westseite und das Schiebetor auf der Nordseite zu \u00f6ffnen.<\/li>\n<li>Auf dem Platz (1200 qm) sind maximal f\u00fcnf Pferde\/Reiter gleichzeitig erlaubt. Reiten Kinder und Jugendliche, ist maximal eine weitere Person aus dem Haushalt eines Kindes\/Jugendlichen zur Aufsicht erlaubt. Zuschauer sind nicht erlaubt.<\/li>\n<li>Maskenpflicht im Stall und im Vorraum der Reithalle<\/li>\n<li>Alle seit dem 2. November bestehenden Regelungen (Anwesenheitsliste f\u00fchren, Abstand halten, H\u00e4nde waschen und desinfizieren, Handschuhe tragen etc.) gelten unver\u00e4ndert weiter.<\/li>\n<\/ol>\n<p>Das neue Hygienekonzept f\u00fcr den Notfallbetrieb, ein Plan f\u00fcr die Bewegung der Vereinspferde und ein Hallenbelegungsplan sind in Arbeit, werden aber noch etwas Zeit in Anspruch nehmen. Wir halten Euch auf dem Laufenden und z\u00e4hlen auf das Verst\u00e4ndnis sowie die Mitarbeit aller Beteiligten.<\/p>\n","protected":false},"excerpt":{"rendered":"<p>Aufgrund der neuesten Corona-Verordnung des Landes Baden-W\u00fcrttemberg d\u00fcrfen wir unseren Reitbetrieb auch in der bisherigen, bereits stark eingeschr\u00e4nkten Form nicht mehr weiterf\u00fchren und m\u00fcssen auf Notfallbetrieb umstellen. Der Pferdesportverband Baden- W\u00fcrttemberg hat bei den zust\u00e4ndigen Ministerien nach den genauen Regelungen f\u00fcr Reitvereine nachgefragt und die Antwort unter folgendem Link ver\u00f6ffentlicht: https:\/\/www.pferdesport-bw.de\/newsleser\/items\/wichtiger-hinweis-zur-neusten-corona-verordnung.html Zus\u00e4tzlich zu den bereits bestehenden Regelungen gelten daher ab 16.12.2020 bis mindestens 10. Januar 2021 auf unserer Reitanlage folgende Sofortma\u00dfnahmen: S\u00e4mtliche Reitstunden einschlie\u00dflich Einzelunterricht, Longierstunden, Zwergenreiten, Voltigieren und Springstunde werden abgesagt. Jedes Pferd darf maximal eine Stunde pro Tag in der Halle und\/oder auf dem Platz bewegt werden. In der Halle (800 qm) sind maximal drei Pferde\/Reiter gleichzeitig erlaubt. Reiten Kinder und Jugendliche, ist maximal eine weitere Person aus dem Haushalt eines reitenden Kindes\/Jugendlichen zur Aufsicht erlaubt. Zuschauer sind nicht erlaubt. Sobald sich mehr als zwei Pferde\/Reiter in der Halle befinden, sind das Kippfenster auf der Westseite und das Schiebetor auf der Nordseite zu \u00f6ffnen. Auf dem Platz (1200 qm) sind maximal f\u00fcnf Pferde\/Reiter gleichzeitig erlaubt. Reiten Kinder und Jugendliche, ist maximal eine weitere Person aus dem Haushalt eines Kindes\/Jugendlichen zur Aufsicht erlaubt. Zuschauer sind nicht erlaubt. Maskenpflicht im Stall und im Vorraum der Reithalle Alle seit dem 2. November bestehenden Regelungen (Anwesenheitsliste f\u00fchren, Abstand halten, H\u00e4nde waschen und desinfizieren, Handschuhe tragen etc.) gelten unver\u00e4ndert weiter. Das neue Hygienekonzept f\u00fcr den Notfallbetrieb, ein Plan f\u00fcr die Bewegung der Vereinspferde und ein Hallenbelegungsplan sind in Arbeit, werden aber noch etwas Zeit in Anspruch nehmen. Wir halten Euch auf dem Laufenden und z\u00e4hlen auf das Verst\u00e4ndnis sowie die Mitarbeit aller Beteiligten.<\/p>\n","protected":false},"author":5,"featured_media":0,"comment_status":"closed","ping_status":"open","sticky":false,"template":"","format":"standard","meta":{"footnotes":""},"categories":[8,12,3,17,6],"tags":[],"class_list":["post-4076","post","type-post","status-publish","format-standard","hentry","category-c1-aktuelle-nachrichten","category-c31-allgemein","category-s1-news","category-c34-reitbetrieb","category-s5-waslaeuft"],"_links":{"self":[{"href":"https:\/\/www.reiterverein-dettingen.de\/index.php?rest_route=\/wp\/v2\/posts\/4076","targetHints":{"allow":["GET"]}}],"collection":[{"href":"https:\/\/www.reiterverein-dettingen.de\/index.php?rest_route=\/wp\/v2\/posts"}],"about":[{"href":"https:\/\/www.reiterverein-dettingen.de\/index.php?rest_route=\/wp\/v2\/types\/post"}],"author":[{"embeddable":true,"href":"https:\/\/www.reiterverein-dettingen.de\/index.php?rest_route=\/wp\/v2\/users\/5"}],"replies":[{"embeddable":true,"href":"https:\/\/www.reiterverein-dettingen.de\/index.php?rest_route=%2Fwp%2Fv2%2Fcomments&post=4076"}],"version-history":[{"count":5,"href":"https:\/\/www.reiterverein-dettingen.de\/index.php?rest_route=\/wp\/v2\/posts\/4076\/revisions"}],"predecessor-version":[{"id":4081,"href":"https:\/\/www.reiterverein-dettingen.de\/index.php?rest_route=\/wp\/v2\/posts\/4076\/revisions\/4081"}],"wp:attachment":[{"href":"https:\/\/www.reiterverein-dettingen.de\/index.php?rest_route=%2Fwp%2Fv2%2Fmedia&parent=4076"}],"wp:term":[{"taxonomy":"category","embeddable":true,"href":"https:\/\/www.reiterverein-dettingen.de\/index.php?rest_route=%2Fwp%2Fv2%2Fcategories&post=4076"},{"taxonomy":"post_tag","embeddable":true,"href":"https:\/\/www.reiterverein-dettingen.de\/index.php?rest_route=%2Fwp%2Fv2%2Ftags&post=4076"}],"curies":[{"name":"wp","href":"https:\/\/api.w.org\/{rel}","templated":true}]}}