{"id":4299,"date":"2022-05-20T19:17:45","date_gmt":"2022-05-20T17:17:45","guid":{"rendered":"https:\/\/www.reiterverein-dettingen.de\/?p=4299"},"modified":"2022-05-20T19:17:45","modified_gmt":"2022-05-20T17:17:45","slug":"ausflug-marbach","status":"publish","type":"post","link":"https:\/\/www.reiterverein-dettingen.de\/?p=4299","title":{"rendered":"Ausflug Marbach"},"content":{"rendered":"<p>Wir hatten gemeinsam einen tollen Tag in Marbach. Zuerst besuchten wir die Fohlen auf ihren Koppeln, konnten ihnen dort beim Toben zusehen und eines kam sogar zum Knuddeln vorbei. Dann machten wir uns auf den Weg zur sch\u00f6nen Gel\u00e4ndestrecke. Nachdem wir ein gutes Pl\u00e4tzchen mit Blick auf einige beeindruckende Gel\u00e4nde-Spr\u00fcnge gefunden hatten, machten wir es uns f\u00fcr ein Picknick bequem. Nat\u00fcrlich wurde bei jedem Reiter, der vorbei ritt, ordentlich mitgefiebert. Nach einer Weile ging es dann weiter \u00fcber das weitl\u00e4ufige Gel\u00e4nde von Hindernis zu Hindernis. Schon beeindruckend, wie viel Kraft, Kondition, Mut und Vertrauen die zwei- und vierbeinigen Teilnehmer f\u00fcr diese Aufgaben mitbringen m\u00fcssen. Nachdem sich die M\u00e4dels im &#8222;Eichelesgarten&#8220; mit s\u00fc\u00dfen Leckereien eingedeckt hatten, ging es auf die letzte Etappe der Strecke. Zum Schluss gab es nochmals Vielseitigkeitsreiter der Weltspitze zu sehen, wirklich sehr spannend! Etwas platt aber happy machten wir uns dann wieder auf den Heimweg.<\/p>\n<p>Vielen Dank an Tanja f\u00fcr Organisation und Durchf\u00fchrung dieses Ausfluges.<\/p>\n<p><a href=\"https:\/\/www.reiterverein-dettingen.de\/wp-content\/uploads\/2022\/05\/Ausflug-Marbach.jpg\"><img loading=\"lazy\" decoding=\"async\" src=\"https:\/\/www.reiterverein-dettingen.de\/wp-content\/uploads\/2022\/05\/Ausflug-Marbach-1024x768.jpg\" alt=\"\" width=\"540\" height=\"405\" class=\"alignnone size-large wp-image-4300\" srcset=\"https:\/\/www.reiterverein-dettingen.de\/wp-content\/uploads\/2022\/05\/Ausflug-Marbach-1024x768.jpg 1024w, https:\/\/www.reiterverein-dettingen.de\/wp-content\/uploads\/2022\/05\/Ausflug-Marbach-300x225.jpg 300w, https:\/\/www.reiterverein-dettingen.de\/wp-content\/uploads\/2022\/05\/Ausflug-Marbach-768x576.jpg 768w, https:\/\/www.reiterverein-dettingen.de\/wp-content\/uploads\/2022\/05\/Ausflug-Marbach-1536x1152.jpg 1536w, https:\/\/www.reiterverein-dettingen.de\/wp-content\/uploads\/2022\/05\/Ausflug-Marbach.jpg 1600w\" sizes=\"auto, (max-width: 540px) 100vw, 540px\" \/><\/a><\/p>\n","protected":false},"excerpt":{"rendered":"<p>Wir hatten gemeinsam einen tollen Tag in Marbach. Zuerst besuchten wir die Fohlen auf ihren Koppeln, konnten ihnen dort beim Toben zusehen und eines kam sogar zum Knuddeln vorbei. Dann machten wir uns auf den Weg zur sch\u00f6nen Gel\u00e4ndestrecke. Nachdem wir ein gutes Pl\u00e4tzchen mit Blick auf einige beeindruckende Gel\u00e4nde-Spr\u00fcnge gefunden hatten, machten wir es uns f\u00fcr ein Picknick bequem. Nat\u00fcrlich wurde bei jedem Reiter, der vorbei ritt, ordentlich mitgefiebert. Nach einer Weile ging es dann weiter \u00fcber das weitl\u00e4ufige Gel\u00e4nde von Hindernis zu Hindernis. Schon beeindruckend, wie viel Kraft, Kondition, Mut und Vertrauen die zwei- und vierbeinigen Teilnehmer f\u00fcr diese Aufgaben mitbringen m\u00fcssen. Nachdem sich die M\u00e4dels im &#8222;Eichelesgarten&#8220; mit s\u00fc\u00dfen Leckereien eingedeckt hatten, ging es auf die letzte Etappe der Strecke. Zum Schluss gab es nochmals Vielseitigkeitsreiter der Weltspitze zu sehen, wirklich sehr spannend! Etwas platt aber happy machten wir uns dann wieder auf den Heimweg. Vielen Dank an Tanja f\u00fcr Organisation und Durchf\u00fchrung dieses Ausfluges.<\/p>\n","protected":false},"author":1,"featured_media":0,"comment_status":"closed","ping_status":"open","sticky":false,"template":"","format":"standard","meta":{"footnotes":""},"categories":[8,12,3,19,6],"tags":[],"class_list":["post-4299","post","type-post","status-publish","format-standard","hentry","category-c1-aktuelle-nachrichten","category-c31-allgemein","category-s1-news","category-c36-termine","category-s5-waslaeuft"],"_links":{"self":[{"href":"https:\/\/www.reiterverein-dettingen.de\/index.php?rest_route=\/wp\/v2\/posts\/4299","targetHints":{"allow":["GET"]}}],"collection":[{"href":"https:\/\/www.reiterverein-dettingen.de\/index.php?rest_route=\/wp\/v2\/posts"}],"about":[{"href":"https:\/\/www.reiterverein-dettingen.de\/index.php?rest_route=\/wp\/v2\/types\/post"}],"author":[{"embeddable":true,"href":"https:\/\/www.reiterverein-dettingen.de\/index.php?rest_route=\/wp\/v2\/users\/1"}],"replies":[{"embeddable":true,"href":"https:\/\/www.reiterverein-dettingen.de\/index.php?rest_route=%2Fwp%2Fv2%2Fcomments&post=4299"}],"version-history":[{"count":1,"href":"https:\/\/www.reiterverein-dettingen.de\/index.php?rest_route=\/wp\/v2\/posts\/4299\/revisions"}],"predecessor-version":[{"id":4301,"href":"https:\/\/www.reiterverein-dettingen.de\/index.php?rest_route=\/wp\/v2\/posts\/4299\/revisions\/4301"}],"wp:attachment":[{"href":"https:\/\/www.reiterverein-dettingen.de\/index.php?rest_route=%2Fwp%2Fv2%2Fmedia&parent=4299"}],"wp:term":[{"taxonomy":"category","embeddable":true,"href":"https:\/\/www.reiterverein-dettingen.de\/index.php?rest_route=%2Fwp%2Fv2%2Fcategories&post=4299"},{"taxonomy":"post_tag","embeddable":true,"href":"https:\/\/www.reiterverein-dettingen.de\/index.php?rest_route=%2Fwp%2Fv2%2Ftags&post=4299"}],"curies":[{"name":"wp","href":"https:\/\/api.w.org\/{rel}","templated":true}]}}