{"id":4646,"date":"2025-03-07T15:06:26","date_gmt":"2025-03-07T14:06:26","guid":{"rendered":"https:\/\/www.reiterverein-dettingen.de\/?p=4646"},"modified":"2025-03-07T15:06:26","modified_gmt":"2025-03-07T14:06:26","slug":"schlachtfest-2025","status":"publish","type":"post","link":"https:\/\/www.reiterverein-dettingen.de\/?p=4646","title":{"rendered":"Schlachtfest 2025"},"content":{"rendered":"<p>Auch unser diesj\u00e4hriges Schlachtfest war wieder eine rundum gelungene Veranstaltung. Herrliches Wetter, gutes Essen und eine motivierte Truppe machten einfach Spa\u00df. Wieder wurde die ganze Halle mit allen zur Verf\u00fcgung stehenden Tischen und St\u00fchlen aufgestuhlt und die Bestellmengen nochmals im Vergleich zum letzten Jahr erh\u00f6ht. \u00dcber 45 Kuchenspenden standen beim Kuchenbuffet zur Auswahl und nicht ein St\u00fcck blieb unverkauft.<br \/>\n<a href=\"https:\/\/www.reiterverein-dettingen.de\/wp-content\/uploads\/2025\/03\/Schlachtfest-2025.png\"><img loading=\"lazy\" decoding=\"async\" src=\"https:\/\/www.reiterverein-dettingen.de\/wp-content\/uploads\/2025\/03\/Schlachtfest-2025-830x1024.png\" alt=\"\" width=\"540\" height=\"666\" class=\"alignnone size-large wp-image-4647\" srcset=\"https:\/\/www.reiterverein-dettingen.de\/wp-content\/uploads\/2025\/03\/Schlachtfest-2025-830x1024.png 830w, https:\/\/www.reiterverein-dettingen.de\/wp-content\/uploads\/2025\/03\/Schlachtfest-2025-243x300.png 243w, https:\/\/www.reiterverein-dettingen.de\/wp-content\/uploads\/2025\/03\/Schlachtfest-2025-768x947.png 768w, https:\/\/www.reiterverein-dettingen.de\/wp-content\/uploads\/2025\/03\/Schlachtfest-2025-1245x1536.png 1245w, https:\/\/www.reiterverein-dettingen.de\/wp-content\/uploads\/2025\/03\/Schlachtfest-2025.png 1496w\" sizes=\"auto, (max-width: 540px) 100vw, 540px\" \/><\/a><br \/>\nDurch das motivierte Zusammenspiel aller Helfer konnten alle G\u00e4ste bestens bewirtet werden und dank der musikalischen Begleitung durch den Musikverein Dettingen hatten wir eine Bombenstimmung in der fr\u00fchlingshaft dekorierten Halle. In der Pause des Musikvereins zeigte unsere Voltigiergruppe auf dem eigens in die Turnhalle geschafften Turnpferdes Rosinante eine kleine Kostprobe ihres K\u00f6nnens.<br \/>\n<a href=\"https:\/\/www.reiterverein-dettingen.de\/wp-content\/uploads\/2025\/03\/Volti-2025.png\"><img loading=\"lazy\" decoding=\"async\" src=\"https:\/\/www.reiterverein-dettingen.de\/wp-content\/uploads\/2025\/03\/Volti-2025.png\" alt=\"\" width=\"579\" height=\"663\" class=\"alignnone size-full wp-image-4648\" srcset=\"https:\/\/www.reiterverein-dettingen.de\/wp-content\/uploads\/2025\/03\/Volti-2025.png 579w, https:\/\/www.reiterverein-dettingen.de\/wp-content\/uploads\/2025\/03\/Volti-2025-262x300.png 262w\" sizes=\"auto, (max-width: 579px) 100vw, 579px\" \/><\/a><br \/>\nDie Abbau- und Aufr\u00e4umarbeiten wurden dann von allen Helfern z\u00fcgig gestemmt, die B\u00fchne demontiert, das Kuchenbuffet abgebaut und die K\u00fcche wieder auf Vordermann gebracht, so dass wir schon gegen 18.00 Uhr mit allem fertig waren.<br \/>\nAn dieser Stelle nun ein gro\u00dfes Dankesch\u00f6n an alle Helfer beim Aufbau am Samstag und beim Schlachtfest am Sonntag, an das Orga-Team f\u00fcr die Hintergrundarbeit, an die Fleyer-Austr\u00e4ger, an das Banner- und Deko-Team und an die B\u00e4cker\/innen f\u00fcr die vielen tollen gespendeten Kuchen. Nicht zu vergessen noch ein gro\u00dfes Lob und Dankesch\u00f6n an die Metzgerei Heussler f\u00fcr das leckere Essen und an Fam. Schmid (Ochsen\/Heldenfingen) f\u00fcr den tollen Kartoffelsalat, sowie an den Hausmeister der Lindenhalle, an den Musikverein Dettingen und nat\u00fcrlich an unsere vielen G\u00e4ste aus nah und fern.  Ohne euch ALLE w\u00e4re diese Veranstaltung so nicht m\u00f6glich gewesen und das gemeinsam erwirtschaftete Ergebnis kann sich sicher auch sehen lassen. Toll gemacht!<\/p>\n","protected":false},"excerpt":{"rendered":"<p>Auch unser diesj\u00e4hriges Schlachtfest war wieder eine rundum gelungene Veranstaltung. Herrliches Wetter, gutes Essen und eine motivierte Truppe machten einfach Spa\u00df. Wieder wurde die ganze Halle mit allen zur Verf\u00fcgung stehenden Tischen und St\u00fchlen aufgestuhlt und die Bestellmengen nochmals im Vergleich zum letzten Jahr erh\u00f6ht. \u00dcber 45 Kuchenspenden standen beim Kuchenbuffet zur Auswahl und nicht ein St\u00fcck blieb unverkauft. Durch das motivierte Zusammenspiel aller Helfer konnten alle G\u00e4ste bestens bewirtet werden und dank der musikalischen Begleitung durch den Musikverein Dettingen hatten wir eine Bombenstimmung in der fr\u00fchlingshaft dekorierten Halle. In der Pause des Musikvereins zeigte unsere Voltigiergruppe auf dem eigens in die Turnhalle geschafften Turnpferdes Rosinante eine kleine Kostprobe ihres K\u00f6nnens. Die Abbau- und Aufr\u00e4umarbeiten wurden dann von allen Helfern z\u00fcgig gestemmt, die B\u00fchne demontiert, das Kuchenbuffet abgebaut und die K\u00fcche wieder auf Vordermann gebracht, so dass wir schon gegen 18.00 Uhr mit allem fertig waren. An dieser Stelle nun ein gro\u00dfes Dankesch\u00f6n an alle Helfer beim Aufbau am Samstag und beim Schlachtfest am Sonntag, an das Orga-Team f\u00fcr die Hintergrundarbeit, an die Fleyer-Austr\u00e4ger, an das Banner- und Deko-Team und an die B\u00e4cker\/innen f\u00fcr die vielen tollen gespendeten Kuchen. Nicht zu vergessen noch ein gro\u00dfes Lob und Dankesch\u00f6n an die Metzgerei Heussler f\u00fcr das leckere Essen und an Fam. Schmid (Ochsen\/Heldenfingen) f\u00fcr den tollen Kartoffelsalat, sowie an den Hausmeister der Lindenhalle, an den Musikverein Dettingen und nat\u00fcrlich an unsere vielen G\u00e4ste aus nah und fern. Ohne euch ALLE w\u00e4re diese Veranstaltung so nicht m\u00f6glich gewesen und das gemeinsam erwirtschaftete Ergebnis kann sich sicher auch sehen lassen. Toll gemacht!<\/p>\n","protected":false},"author":1,"featured_media":0,"comment_status":"closed","ping_status":"open","sticky":false,"template":"","format":"standard","meta":{"footnotes":""},"categories":[8,12,3,19,6],"tags":[],"class_list":["post-4646","post","type-post","status-publish","format-standard","hentry","category-c1-aktuelle-nachrichten","category-c31-allgemein","category-s1-news","category-c36-termine","category-s5-waslaeuft"],"_links":{"self":[{"href":"https:\/\/www.reiterverein-dettingen.de\/index.php?rest_route=\/wp\/v2\/posts\/4646","targetHints":{"allow":["GET"]}}],"collection":[{"href":"https:\/\/www.reiterverein-dettingen.de\/index.php?rest_route=\/wp\/v2\/posts"}],"about":[{"href":"https:\/\/www.reiterverein-dettingen.de\/index.php?rest_route=\/wp\/v2\/types\/post"}],"author":[{"embeddable":true,"href":"https:\/\/www.reiterverein-dettingen.de\/index.php?rest_route=\/wp\/v2\/users\/1"}],"replies":[{"embeddable":true,"href":"https:\/\/www.reiterverein-dettingen.de\/index.php?rest_route=%2Fwp%2Fv2%2Fcomments&post=4646"}],"version-history":[{"count":1,"href":"https:\/\/www.reiterverein-dettingen.de\/index.php?rest_route=\/wp\/v2\/posts\/4646\/revisions"}],"predecessor-version":[{"id":4649,"href":"https:\/\/www.reiterverein-dettingen.de\/index.php?rest_route=\/wp\/v2\/posts\/4646\/revisions\/4649"}],"wp:attachment":[{"href":"https:\/\/www.reiterverein-dettingen.de\/index.php?rest_route=%2Fwp%2Fv2%2Fmedia&parent=4646"}],"wp:term":[{"taxonomy":"category","embeddable":true,"href":"https:\/\/www.reiterverein-dettingen.de\/index.php?rest_route=%2Fwp%2Fv2%2Fcategories&post=4646"},{"taxonomy":"post_tag","embeddable":true,"href":"https:\/\/www.reiterverein-dettingen.de\/index.php?rest_route=%2Fwp%2Fv2%2Ftags&post=4646"}],"curies":[{"name":"wp","href":"https:\/\/api.w.org\/{rel}","templated":true}]}}